{"id":170416,"date":"2014-06-21T00:36:05","date_gmt":"2014-06-21T00:36:05","guid":{"rendered":"https:\/\/www.enteratever.com\/2023\/abren-ventanilla-de-apoyo-a-empresarios-en-canaco\/"},"modified":"2014-06-21T00:36:05","modified_gmt":"2014-06-21T00:36:05","slug":"abren-ventanilla-de-apoyo-a-empresarios-en-canaco","status":"publish","type":"post","link":"https:\/\/www.enteratever.com\/2023\/2014\/06\/21\/abren-ventanilla-de-apoyo-a-empresarios-en-canaco\/","title":{"rendered":"Abren ventanilla de apoyo a empresarios en CANACO"},"content":{"rendered":"<p>Visitas: 2<\/p><figure id=\"attachment_67137\" aria-describedby=\"caption-attachment-67137\" style=\"width: 584px\" class=\"wp-caption aligncenter\"><a href=\"http:\/\/www.enteratever.com\/wp-content\/uploads\/2014\/06\/200614PozaRica27.jpg\"><img loading=\"lazy\" decoding=\"async\" class=\"size-full wp-image-67137\" src=\"http:\/\/www.enteratever.com\/wp-content\/uploads\/2014\/06\/200614PozaRica27.jpg\" alt=\"Abren ventanilla de apoyo a empresarios en CANACO\" width=\"584\" height=\"430\" \/><\/a><figcaption id=\"caption-attachment-67137\" class=\"wp-caption-text\">Abren ventanilla de apoyo a empresarios en CANACO<\/figcaption><\/figure>\n<p style=\"text-align: justify;\">Abren ventanilla de atenci\u00f3n a empresarios en la C\u00e1mara Nacional de Comercio Poza Rica, en el marco del programa Red Mover a M\u00e9xico delque se deriva la red del emprendedor.<!--more--><\/p>\n<p style=\"text-align: justify;\">Durante la apertura del tambi\u00e9n llamado punto de apoyo a la red del emprendedor \u00a0el subsecreario de desarrollo econ\u00f3mico en Veracruz, Baruch Barrera dijo que a trav\u00e9s de este m\u00f3dulo se van a brindar servicios de orientaci\u00f3n y vinculaci\u00f3n a los emprendedores para que puedan acceder a capacitaci\u00f3n y financiamiento.<\/p>\n<p style=\"text-align: justify;\">Por su parte, la delegada de la Secretar\u00eda de Econom\u00eda, Patricia Casados, refiri\u00f3 que red de apoyo al emprendedor es una herramienta \u00fatil mediante la cual los empresarios \u00a0van a tener una asesor\u00eda completa y podr\u00e1n ser \u00a0vinculados a dependencias federales y entidades privadas para acceder a recursos financieros.<\/p>\n<p style=\"text-align: justify;\">En el evento estuvo presente el presidente la CANACO, Heberto Ba\u00f1os \u00a0y el alcalde, Sergio Lorenzo Quiroz Cruz, as\u00ed como el presidente del Consejo Coordinador Empresarial,\u00a0 Leonardo Rodr\u00edguez y otros dirigentes empresariales.<\/p>\n<p style=\"color: #222222; text-align: justify;\">La Red Mover a M\u00e9xico es conformada por las ventanillas de atenci\u00f3n ubicadas a lo largo y ancho del pa\u00eds cuya denominaci\u00f3n tambi\u00e9n responde al nombre de Puntos, que son espacios f\u00edsicos de atenci\u00f3n personal a la ciudadan\u00eda que acude a ellos en busca de informaci\u00f3n y orientaci\u00f3n para el tema de emprendimiento y consolidaci\u00f3n y crecimiento de su negocio.<\/p>\n<p style=\"color: #222222; text-align: justify;\">Cada entidad estatal cuenta con varias ventanillas de atenci\u00f3n en las oficinas de Gobierno Estatal y Municipal, Instituciones Educativas c\u00e1maras, Asociaciones Civiles, Organismos Empresariales y Fundaciones.<\/p>\n","protected":false},"excerpt":{"rendered":"<p>Visitas: 2Abren ventanilla de atenci\u00f3n a empresarios en la C\u00e1mara Nacional de Comercio Poza Rica, en el marco del programa Red Mover a M\u00e9xico delque se deriva la red del emprendedor.<\/p>\n","protected":false},"author":1,"featured_media":0,"comment_status":"open","ping_status":"open","sticky":false,"template":"","format":"standard","meta":{"footnotes":""},"categories":[213],"tags":[],"class_list":{"0":"post-170416","1":"post","2":"type-post","3":"status-publish","4":"format-standard","6":"category-poza-rica"},"nelio_content":{"isAutoShareEnabled":true,"autoShareEndMode":"never","automationSources":{"useCustomSentences":false,"customSentences":[]},"followers":[],"suggestedReferences":[],"efiUrl":"","efiAlt":"","highlights":[],"permalinkQueryArgs":[],"series":[]},"_links":{"self":[{"href":"https:\/\/www.enteratever.com\/2023\/wp-json\/wp\/v2\/posts\/170416","targetHints":{"allow":["GET"]}}],"collection":[{"href":"https:\/\/www.enteratever.com\/2023\/wp-json\/wp\/v2\/posts"}],"about":[{"href":"https:\/\/www.enteratever.com\/2023\/wp-json\/wp\/v2\/types\/post"}],"author":[{"embeddable":true,"href":"https:\/\/www.enteratever.com\/2023\/wp-json\/wp\/v2\/users\/1"}],"replies":[{"embeddable":true,"href":"https:\/\/www.enteratever.com\/2023\/wp-json\/wp\/v2\/comments?post=170416"}],"version-history":[{"count":0,"href":"https:\/\/www.enteratever.com\/2023\/wp-json\/wp\/v2\/posts\/170416\/revisions"}],"wp:attachment":[{"href":"https:\/\/www.enteratever.com\/2023\/wp-json\/wp\/v2\/media?parent=170416"}],"wp:term":[{"taxonomy":"category","embeddable":true,"href":"https:\/\/www.enteratever.com\/2023\/wp-json\/wp\/v2\/categories?post=170416"},{"taxonomy":"post_tag","embeddable":true,"href":"https:\/\/www.enteratever.com\/2023\/wp-json\/wp\/v2\/tags?post=170416"}],"curies":[{"name":"wp","href":"https:\/\/api.w.org\/{rel}","templated":true}]}}