{"id":170388,"date":"2014-06-19T01:00:48","date_gmt":"2014-06-19T01:00:48","guid":{"rendered":"https:\/\/www.enteratever.com\/2023\/niega-director-del-hr-poza-rica-suspension-de-cirugias\/"},"modified":"2014-06-19T01:00:48","modified_gmt":"2014-06-19T01:00:48","slug":"niega-director-del-hr-poza-rica-suspension-de-cirugias","status":"publish","type":"post","link":"https:\/\/www.enteratever.com\/2023\/2014\/06\/19\/niega-director-del-hr-poza-rica-suspension-de-cirugias\/","title":{"rendered":"Niega director del HR Poza Rica suspensi\u00f3n de cirug\u00edas"},"content":{"rendered":"<p>Visitas: 2<\/p><figure id=\"attachment_66533\" aria-describedby=\"caption-attachment-66533\" style=\"width: 573px\" class=\"wp-caption aligncenter\"><a href=\"http:\/\/www.enteratever.com\/wp-content\/uploads\/2014\/06\/180614PozaRica14.jpg\"><img loading=\"lazy\" decoding=\"async\" class=\"size-full wp-image-66533\" src=\"http:\/\/www.enteratever.com\/wp-content\/uploads\/2014\/06\/180614PozaRica14.jpg\" alt=\"Niega director del HR Poza Rica suspensi\u00f3n de cirug\u00edas\" width=\"573\" height=\"430\" \/><\/a><figcaption id=\"caption-attachment-66533\" class=\"wp-caption-text\">Niega director del HR Poza Rica suspensi\u00f3n de cirug\u00edas<\/figcaption><\/figure>\n<p style=\"text-align: justify;\">Aunque persisten se\u00f1alamientos de pacientes y personal sobre deficiencias en el Hospital Regional de Poza Rica el Director del nosocomio, \u00d3scar Alejandro Castillo Nava afirm\u00f3 que la instituci\u00f3n no ha parado sus actividades y se han realizado 150 cirug\u00edas.<!--more--><\/p>\n<p style=\"text-align: justify;\">Se\u00f1al\u00f3 que las deficiencias se\u00f1aladas como las fallas en la red de aires acondicionados ya fue atendida y afirm\u00f3 no se han parado las actividades como, incluso, el mismo personal de la instituci\u00f3n hab\u00eda dado a conocer.<\/p>\n<figure id=\"attachment_66534\" aria-describedby=\"caption-attachment-66534\" style=\"width: 573px\" class=\"wp-caption aligncenter\"><a href=\"http:\/\/www.enteratever.com\/wp-content\/uploads\/2014\/06\/180614PozaRica15.jpg\"><img loading=\"lazy\" decoding=\"async\" class=\"size-full wp-image-66534\" src=\"http:\/\/www.enteratever.com\/wp-content\/uploads\/2014\/06\/180614PozaRica15.jpg\" alt=\"Niega director del HR Poza Rica suspensi\u00f3n de cirug\u00edas\" width=\"573\" height=\"430\" \/><\/a><figcaption id=\"caption-attachment-66534\" class=\"wp-caption-text\">Niega director del HR Poza Rica suspensi\u00f3n de cirug\u00edas<\/figcaption><\/figure>\n<p style=\"text-align: justify;\">\u00abHay gente que habla bien y otros mal, yo creo que no hay que abundar en eso, esa es una p\u00e1gina que se cierra\u00bb, destac\u00f3 el director del Hospital al cuestionarle sobre los se\u00f1alamientos en su contra por supuestamente hostigar laboralmente a trabajadores que denunciaron las deficiencias de la instituci\u00f3n.<\/p>\n<p style=\"text-align: justify;\">Sobre la suspensi\u00f3n de maniobras en el proyecto de ampliaci\u00f3n y urgencias destac\u00f3 que debido a un problema de orden judicial entre la Secretar\u00eda de Salud y la constructora no se ha podido concluir, pese a que existe hacinamiento en el \u00e1rea de reci\u00e9n nacidos.<\/p>\n<figure id=\"attachment_66535\" aria-describedby=\"caption-attachment-66535\" style=\"width: 573px\" class=\"wp-caption aligncenter\"><a href=\"http:\/\/www.enteratever.com\/wp-content\/uploads\/2014\/06\/180614PozaRica16.jpg\"><img loading=\"lazy\" decoding=\"async\" class=\"size-full wp-image-66535\" src=\"http:\/\/www.enteratever.com\/wp-content\/uploads\/2014\/06\/180614PozaRica16.jpg\" alt=\"Niega director del HR Poza Rica suspensi\u00f3n de cirug\u00edas\" width=\"573\" height=\"430\" \/><\/a><figcaption id=\"caption-attachment-66535\" class=\"wp-caption-text\">Niega director del HR Poza Rica suspensi\u00f3n de cirug\u00edas<\/figcaption><\/figure>\n<p style=\"text-align: justify;\">Tampoco ha sido reactiva el \u00e1rea de hemodi\u00e1lisis de la instituci\u00f3n, por lo que los pacientes contin\u00faan siendo atendidos en la cl\u00ednica particular \u00abCentro Renal\u00bb del doctor Eduardo Gonz\u00e1lez Baladez, generando una gran carga econ\u00f3mica para los servicios de salud de Veracruz.<\/p>\n<p style=\"text-align: justify;\">Castillo Nava destac\u00f3 que aunque hay deficiencias tambi\u00e9n hay cosas positivas en la instituci\u00f3n, aunque solamente mencion\u00f3 que se ha disminuido el \u00edndice de muertes maternas con las atenciones en el hospital que recalc\u00f3 es el m\u00e1s importante de la zona norte de la entidad veracruzana.<\/p>\n","protected":false},"excerpt":{"rendered":"<p>Visitas: 2Aunque persisten se\u00f1alamientos de pacientes y personal sobre deficiencias en el Hospital Regional de Poza Rica el Director del nosocomio, \u00d3scar Alejandro Castillo Nava afirm\u00f3 que la instituci\u00f3n no ha parado sus actividades y se han realizado 150 cirug\u00edas.<\/p>\n","protected":false},"author":1,"featured_media":0,"comment_status":"open","ping_status":"open","sticky":false,"template":"","format":"standard","meta":{"footnotes":""},"categories":[213],"tags":[],"class_list":{"0":"post-170388","1":"post","2":"type-post","3":"status-publish","4":"format-standard","6":"category-poza-rica"},"nelio_content":{"isAutoShareEnabled":true,"autoShareEndMode":"never","automationSources":{"useCustomSentences":false,"customSentences":[]},"followers":[],"suggestedReferences":[],"efiUrl":"","efiAlt":"","highlights":[],"permalinkQueryArgs":[],"series":[]},"_links":{"self":[{"href":"https:\/\/www.enteratever.com\/2023\/wp-json\/wp\/v2\/posts\/170388","targetHints":{"allow":["GET"]}}],"collection":[{"href":"https:\/\/www.enteratever.com\/2023\/wp-json\/wp\/v2\/posts"}],"about":[{"href":"https:\/\/www.enteratever.com\/2023\/wp-json\/wp\/v2\/types\/post"}],"author":[{"embeddable":true,"href":"https:\/\/www.enteratever.com\/2023\/wp-json\/wp\/v2\/users\/1"}],"replies":[{"embeddable":true,"href":"https:\/\/www.enteratever.com\/2023\/wp-json\/wp\/v2\/comments?post=170388"}],"version-history":[{"count":0,"href":"https:\/\/www.enteratever.com\/2023\/wp-json\/wp\/v2\/posts\/170388\/revisions"}],"wp:attachment":[{"href":"https:\/\/www.enteratever.com\/2023\/wp-json\/wp\/v2\/media?parent=170388"}],"wp:term":[{"taxonomy":"category","embeddable":true,"href":"https:\/\/www.enteratever.com\/2023\/wp-json\/wp\/v2\/categories?post=170388"},{"taxonomy":"post_tag","embeddable":true,"href":"https:\/\/www.enteratever.com\/2023\/wp-json\/wp\/v2\/tags?post=170388"}],"curies":[{"name":"wp","href":"https:\/\/api.w.org\/{rel}","templated":true}]}}