{"id":170124,"date":"2014-05-21T19:53:24","date_gmt":"2014-05-21T19:53:24","guid":{"rendered":"https:\/\/www.enteratever.com\/2023\/no-cumple-pemex-con-empresarios-de-la-zona-norte\/"},"modified":"2014-05-21T19:53:24","modified_gmt":"2014-05-21T19:53:24","slug":"no-cumple-pemex-con-empresarios-de-la-zona-norte","status":"publish","type":"post","link":"https:\/\/www.enteratever.com\/2023\/2014\/05\/21\/no-cumple-pemex-con-empresarios-de-la-zona-norte\/","title":{"rendered":"No cumple Pemex con empresarios de la zona norte"},"content":{"rendered":"<p>Visitas: 0<\/p><figure id=\"attachment_58647\" aria-describedby=\"caption-attachment-58647\" style=\"width: 587px\" class=\"wp-caption aligncenter\"><a href=\"http:\/\/www.enteratever.com\/wp-content\/uploads\/2014\/05\/210514PozaRica03.jpg\"><img loading=\"lazy\" decoding=\"async\" class=\"size-full wp-image-58647\" src=\"http:\/\/www.enteratever.com\/wp-content\/uploads\/2014\/05\/210514PozaRica03.jpg\" alt=\"No cumple Pemex con empresarios de la zona norte\" width=\"587\" height=\"440\" \/><\/a><figcaption id=\"caption-attachment-58647\" class=\"wp-caption-text\">No cumple Pemex con empresarios de la zona norte<\/figcaption><\/figure>\n<p style=\"text-align: justify;\">Por: Jazm\u00edn Morales Silva.<\/p>\n<p style=\"text-align: justify;\">\u200bNo cumple Pemex a empresarios de la zona norte con\u00a0\u00a0los acuerdos que se tomaron en la reuni\u00f3n\u00a0sostenida el 28 de abril pasado, en la que \u00a0los empresarios hicieron sus peticiones a directivos de la empresa. \u00a0Entre las demandas destacan \u00a0plan emergente y creaci\u00f3n de un comit\u00e9 de subcontrataci\u00f3n.<!--more--><\/p>\n<p style=\"text-align: justify;\">Con el objetivo de lograr la reactivaci\u00f3n econ\u00f3mica de la zona norte del estado, \u00a0empresarios y representantes de diferentes sindicatos se unieron para realizar una marcha que concluy\u00f3 en las instalaciones de Pemex Exploraci\u00f3n y Producci\u00f3n donde entablaron una conversaci\u00f3n para negociar puntos que beneficiaran la econom\u00eda.<\/p>\n<p style=\"text-align: justify;\">Asegura que existe la posibilidad de volverse a manifestar e incluso llegaran hasta donde tengan que llegar para lograr su objetivo \u201cEso es algo que todos los presidentes de los organismos y los diferentes sectores productivos nos sentaremos a tomar esa decisi\u00f3n indiscutiblemente que esto lo vamos a llevar hasta donde logremos el objetivo principal en este caso es logremos la reactivaci\u00f3n econ\u00f3mica\u201d<\/p>\n<p style=\"text-align: justify;\">Hasta el momento no habido ninguna reactivaci\u00f3n de nada, \u201crealmente sentimos que se est\u00e1 alargando\u201d para que la situaci\u00f3n se enfri\u00e9 afirm\u00f3.<\/p>\n<p style=\"text-align: justify;\">En estos momentos se encuentran es espera de una cita con Emilio Lozoya, \u00a0director de Pemex, para plantearles su situaci\u00f3n, afirman esperaran esta semana y de no obtener respuesta tomaran medidas.<\/p>\n<p style=\"text-align: justify;\">Finaliz\u00f3 Leonardo Rodr\u00edguez\u00a0\u00a0Amador diciendo que ellos esperaban una reuni\u00f3n para el 8 de mayo y hasta el d\u00eda de hoy no les han dicho nada de una pr\u00f3xima reuni\u00f3n\u00a0\u00a0\u201crealmente empezamos muy bien\u00a0\u00a0con la primera reuni\u00f3n de trabajo, pero nos hemos atrasado mucho y nos hemos atrasado en las siguientes creo que como sector productivo en la regi\u00f3n tambi\u00e9n merecemos respeto.\u201d\u00a0\u200b<\/p>\n","protected":false},"excerpt":{"rendered":"<p>Visitas: 0Por: Jazm\u00edn Morales Silva. \u200bNo cumple Pemex a empresarios de la zona norte con\u00a0\u00a0los acuerdos que se tomaron en la reuni\u00f3n\u00a0sostenida el 28 de abril pasado, en la que \u00a0los empresarios hicieron sus peticiones a directivos de la empresa. \u00a0Entre las demandas destacan \u00a0plan emergente y creaci\u00f3n de un comit\u00e9 de subcontrataci\u00f3n.<\/p>\n","protected":false},"author":2,"featured_media":0,"comment_status":"open","ping_status":"open","sticky":false,"template":"","format":"standard","meta":{"footnotes":""},"categories":[299,213],"tags":[],"class_list":{"0":"post-170124","1":"post","2":"type-post","3":"status-publish","4":"format-standard","6":"category-notas-locales","7":"category-poza-rica"},"nelio_content":{"isAutoShareEnabled":true,"autoShareEndMode":"never","automationSources":{"useCustomSentences":false,"customSentences":[]},"followers":[],"suggestedReferences":[],"efiUrl":"","efiAlt":"","highlights":[],"permalinkQueryArgs":[],"series":[]},"_links":{"self":[{"href":"https:\/\/www.enteratever.com\/2023\/wp-json\/wp\/v2\/posts\/170124","targetHints":{"allow":["GET"]}}],"collection":[{"href":"https:\/\/www.enteratever.com\/2023\/wp-json\/wp\/v2\/posts"}],"about":[{"href":"https:\/\/www.enteratever.com\/2023\/wp-json\/wp\/v2\/types\/post"}],"author":[{"embeddable":true,"href":"https:\/\/www.enteratever.com\/2023\/wp-json\/wp\/v2\/users\/2"}],"replies":[{"embeddable":true,"href":"https:\/\/www.enteratever.com\/2023\/wp-json\/wp\/v2\/comments?post=170124"}],"version-history":[{"count":0,"href":"https:\/\/www.enteratever.com\/2023\/wp-json\/wp\/v2\/posts\/170124\/revisions"}],"wp:attachment":[{"href":"https:\/\/www.enteratever.com\/2023\/wp-json\/wp\/v2\/media?parent=170124"}],"wp:term":[{"taxonomy":"category","embeddable":true,"href":"https:\/\/www.enteratever.com\/2023\/wp-json\/wp\/v2\/categories?post=170124"},{"taxonomy":"post_tag","embeddable":true,"href":"https:\/\/www.enteratever.com\/2023\/wp-json\/wp\/v2\/tags?post=170124"}],"curies":[{"name":"wp","href":"https:\/\/api.w.org\/{rel}","templated":true}]}}