{"id":169463,"date":"2014-03-12T21:45:00","date_gmt":"2014-03-12T21:45:00","guid":{"rendered":"https:\/\/www.enteratever.com\/2023\/convocan-morena-manifestarse-este-18-de-marzo\/"},"modified":"2014-03-12T21:45:00","modified_gmt":"2014-03-12T21:45:00","slug":"convocan-morena-manifestarse-este-18-de-marzo","status":"publish","type":"post","link":"https:\/\/www.enteratever.com\/2023\/2014\/03\/12\/convocan-morena-manifestarse-este-18-de-marzo\/","title":{"rendered":"Convocan Morena manifestarse este 18 de marzo"},"content":{"rendered":"<p>Visitas: 0<\/p><figure id=\"attachment_38753\" aria-describedby=\"caption-attachment-38753\" style=\"width: 549px\" class=\"wp-caption aligncenter\"><a href=\"http:\/\/www.enteratever.com\/wp-content\/uploads\/2014\/03\/1888734_356237114514730_692097433_n.jpg\"><img loading=\"lazy\" decoding=\"async\" class=\"size-full wp-image-38753\" alt=\"Convocan Morena manifestarse este 18 de marzo\" src=\"http:\/\/www.enteratever.com\/wp-content\/uploads\/2014\/03\/1888734_356237114514730_692097433_n.jpg\" width=\"549\" height=\"440\" \/><\/a><figcaption id=\"caption-attachment-38753\" class=\"wp-caption-text\">Convocan Morena manifestarse este 18 de marzo<\/figcaption><\/figure>\n<p style=\"text-align: justify\">Por: Jazm\u00edn Morales Silva<\/p>\n<p style=\"text-align: justify\">Convoca Morena manifestarse contra la entrega de la industria petrolera a capitales privados y extranjeros, el pr\u00f3ximo 18 de marzo a las 3:00 de la tarde el punto de reuni\u00f3n ser\u00e1 la Plaza C\u00edvica, a trav\u00e9s de redes sociales desde el pasado dos de marzo han empezado una campa\u00f1a para que la gente proteste en contra de las fiestas del petr\u00f3leo.<!--more--><\/p>\n<p style=\"text-align: justify\">Movimiento de Regeneraci\u00f3n Nacional de Poza Rica (Morena) manifiesta que no hay nada que celebrar en los principales carteles que maneja preguntan \u00bfQu\u00e9 va a festejar Poza Rica? \u00bfDesempleo?\u00bfinseguridad? \u00bfAumento de impuesto? Y dicen \u201clos de siempre re invitan al \u201ccarnaval del petr\u00f3leo\u201d a \u201cbailes\u201d para darle m\u00e1s circo al pueblo.<\/p>\n<figure id=\"attachment_38752\" aria-describedby=\"caption-attachment-38752\" style=\"width: 549px\" class=\"wp-caption aligncenter\"><a href=\"http:\/\/www.enteratever.com\/wp-content\/uploads\/2014\/03\/1621871_356238051181303_1888342344_n.jpg\"><img loading=\"lazy\" decoding=\"async\" class=\"size-full wp-image-38752\" alt=\"Convocan Morena manifestarse este 18 de marzo\" src=\"http:\/\/www.enteratever.com\/wp-content\/uploads\/2014\/03\/1621871_356238051181303_1888342344_n.jpg\" width=\"549\" height=\"440\" \/><\/a><figcaption id=\"caption-attachment-38752\" class=\"wp-caption-text\">Convocan Morena manifestarse este 18 de marzo<\/figcaption><\/figure>\n<p style=\"text-align: justify\">As\u00ed mismo los carteles dicen que ser\u00e1 una marcha pac\u00edfica en defensa de la econom\u00eda popular, la soberan\u00eda nacional y la seguridad.<\/p>\n<p style=\"text-align: justify\">Hace 22 horas fue su \u00faltima publicaci\u00f3n en su cuenta de Facebook donde pusieron \u201cLA FIESTA LA HACEN ELLOS, con la descarada forma de vivir y abusar del pueblo, con el \u00abneocharrismo\u00bb, con los parqu\u00edmetros ilegales, con las miles de calles que parecen zona de guerra, con la inseguridad, con el desempleo, con la sumisi\u00f3n. LA PROTESTA LA HACEMOS NOSOTROS, con el pueblo organizado y sobre todo activo #18DeMarzoPozaRica \u00a0Plaza c\u00edvica 3.00 pm.\u201d<\/p>\n<figure id=\"attachment_38754\" aria-describedby=\"caption-attachment-38754\" style=\"width: 293px\" class=\"wp-caption aligncenter\"><a href=\"http:\/\/www.enteratever.com\/wp-content\/uploads\/2014\/03\/1972527_358604670944641_263968600_n.jpg\"><img loading=\"lazy\" decoding=\"async\" class=\"size-full wp-image-38754\" alt=\"Convocan Morena manifestarse este 18 de marzo\" src=\"http:\/\/www.enteratever.com\/wp-content\/uploads\/2014\/03\/1972527_358604670944641_263968600_n.jpg\" width=\"293\" height=\"440\" \/><\/a><figcaption id=\"caption-attachment-38754\" class=\"wp-caption-text\">Convocan Morena manifestarse este 18 de marzo<\/figcaption><\/figure>\n","protected":false},"excerpt":{"rendered":"<p>Visitas: 0Por: Jazm\u00edn Morales Silva Convoca Morena manifestarse contra la entrega de la industria petrolera a capitales privados y extranjeros, el pr\u00f3ximo 18 de marzo a las 3:00 de la tarde el punto de reuni\u00f3n ser\u00e1 la Plaza C\u00edvica, a trav\u00e9s de redes sociales desde el pasado dos de marzo han empezado una campa\u00f1a para [&hellip;]<\/p>\n","protected":false},"author":2,"featured_media":0,"comment_status":"open","ping_status":"open","sticky":false,"template":"","format":"standard","meta":{"footnotes":""},"categories":[299,213],"tags":[],"class_list":{"0":"post-169463","1":"post","2":"type-post","3":"status-publish","4":"format-standard","6":"category-notas-locales","7":"category-poza-rica"},"nelio_content":{"isAutoShareEnabled":true,"autoShareEndMode":"never","automationSources":{"useCustomSentences":false,"customSentences":[]},"followers":[],"suggestedReferences":[],"efiUrl":"","efiAlt":"","highlights":[],"permalinkQueryArgs":[],"series":[]},"_links":{"self":[{"href":"https:\/\/www.enteratever.com\/2023\/wp-json\/wp\/v2\/posts\/169463","targetHints":{"allow":["GET"]}}],"collection":[{"href":"https:\/\/www.enteratever.com\/2023\/wp-json\/wp\/v2\/posts"}],"about":[{"href":"https:\/\/www.enteratever.com\/2023\/wp-json\/wp\/v2\/types\/post"}],"author":[{"embeddable":true,"href":"https:\/\/www.enteratever.com\/2023\/wp-json\/wp\/v2\/users\/2"}],"replies":[{"embeddable":true,"href":"https:\/\/www.enteratever.com\/2023\/wp-json\/wp\/v2\/comments?post=169463"}],"version-history":[{"count":0,"href":"https:\/\/www.enteratever.com\/2023\/wp-json\/wp\/v2\/posts\/169463\/revisions"}],"wp:attachment":[{"href":"https:\/\/www.enteratever.com\/2023\/wp-json\/wp\/v2\/media?parent=169463"}],"wp:term":[{"taxonomy":"category","embeddable":true,"href":"https:\/\/www.enteratever.com\/2023\/wp-json\/wp\/v2\/categories?post=169463"},{"taxonomy":"post_tag","embeddable":true,"href":"https:\/\/www.enteratever.com\/2023\/wp-json\/wp\/v2\/tags?post=169463"}],"curies":[{"name":"wp","href":"https:\/\/api.w.org\/{rel}","templated":true}]}}