{"id":169459,"date":"2014-03-12T04:16:10","date_gmt":"2014-03-12T04:16:10","guid":{"rendered":"https:\/\/www.enteratever.com\/2023\/anuncian-segundo-eco-maraton\/"},"modified":"2014-03-12T04:16:10","modified_gmt":"2014-03-12T04:16:10","slug":"anuncian-segundo-eco-maraton","status":"publish","type":"post","link":"https:\/\/www.enteratever.com\/2023\/2014\/03\/12\/anuncian-segundo-eco-maraton\/","title":{"rendered":"Anuncian segundo Eco Marat\u00f3n"},"content":{"rendered":"<p>Visitas: 0<\/p><figure id=\"attachment_38534\" aria-describedby=\"caption-attachment-38534\" style=\"width: 660px\" class=\"wp-caption aligncenter\"><a href=\"http:\/\/www.enteratever.com\/wp-content\/uploads\/2014\/03\/IMG_4051.jpg\"><img loading=\"lazy\" decoding=\"async\" class=\"size-full wp-image-38534\" alt=\"Anuncian segundo Eco Marat\u00f3n \" src=\"http:\/\/www.enteratever.com\/wp-content\/uploads\/2014\/03\/IMG_4051.jpg\" width=\"660\" height=\"440\" \/><\/a><figcaption id=\"caption-attachment-38534\" class=\"wp-caption-text\">Anuncian segundo Eco Marat\u00f3n<\/figcaption><\/figure>\n<p style=\"text-align: justify\">Por: Jazm\u00edn Morales Silva.<\/p>\n<p style=\"text-align: justify\">Anuncian el segundo Eco marat\u00f3n, que se llevar\u00e1 a cabo el 6 de abril a las 7:00 de la ma\u00f1ana cuyo arranque ser\u00e1 en el mural de la cultura Totonaca en Papantla, mismo que genera una gran derrama econ\u00f3mica para Poza Rica, asegur\u00f3 Antonio Caba\u00f1as presidente de deporte ambiente y sociedad.<!--more--><\/p>\n<p style=\"text-align: justify\">\u201cEs un proyecto que se realiz\u00f3 con el ayuntamiento de Papantla y hoy se suma el ayuntamiento de poza rica, es un evento que genera una gran derrama tur\u00edstica y es un evento \u00fanico in\u00e9dito\u201d<\/p>\n<p style=\"text-align: justify\">Manifest\u00f3 que en este marat\u00f3n se les da a los corredores la oportunidad de entrar a la zona arqueol\u00f3gica del Taj\u00edn y luego entrar a la meta en un \u00e1rea verde de signada por el Instituto Nacional de Antropolog\u00eda e Historia (INAH) y Consejo Nacional para la Cultura y las Artes (CONACULTA).<\/p>\n<figure id=\"attachment_38536\" aria-describedby=\"caption-attachment-38536\" style=\"width: 587px\" class=\"wp-caption aligncenter\"><a href=\"http:\/\/www.enteratever.com\/wp-content\/uploads\/2014\/03\/Presentaci\u00f3n11.jpg\"><img loading=\"lazy\" decoding=\"async\" class=\"size-full wp-image-38536\" alt=\"Anuncian segundo Eco Marat\u00f3n \" src=\"http:\/\/www.enteratever.com\/wp-content\/uploads\/2014\/03\/Presentaci\u00f3n11.jpg\" width=\"587\" height=\"440\" \/><\/a><figcaption id=\"caption-attachment-38536\" class=\"wp-caption-text\">Anuncian segundo Eco Marat\u00f3n<\/figcaption><\/figure>\n<p style=\"text-align: justify\">Las convocatoria est\u00e1 abierta y podr\u00e1n inscribirse todos los interesados, en la plaza gran patio en la tienda Mistertennis donde les informa las categor\u00edas esto para pago en efectivo y en la p\u00e1gina en Internet www.asdeporte.com para pago con tarjeta.<\/p>\n<p style=\"text-align: justify\">Record\u00f3 que en el marat\u00f3n pasado fueron mil cincuenta corredores y este a\u00f1o se pretende se cubran los dos mil corredores autorizados, hasta este momento ya se tienen m\u00e1s de mil doscientos.<br \/>\nLa bolsa a repartir es de 200 ochenta y dos mil pesos en efectivo y especie, entre las tres categor\u00edas libres de 18 a 39 a\u00f1os, m\u00e1ster de 40 a 49 y veteranos de 50 en adelante en las ramas varonil y femenil.<\/p>\n","protected":false},"excerpt":{"rendered":"<p>Visitas: 0Por: Jazm\u00edn Morales Silva. Anuncian el segundo Eco marat\u00f3n, que se llevar\u00e1 a cabo el 6 de abril a las 7:00 de la ma\u00f1ana cuyo arranque ser\u00e1 en el mural de la cultura Totonaca en Papantla, mismo que genera una gran derrama econ\u00f3mica para Poza Rica, asegur\u00f3 Antonio Caba\u00f1as presidente de deporte ambiente y [&hellip;]<\/p>\n","protected":false},"author":2,"featured_media":0,"comment_status":"open","ping_status":"open","sticky":false,"template":"","format":"standard","meta":{"footnotes":""},"categories":[299,213],"tags":[],"class_list":{"0":"post-169459","1":"post","2":"type-post","3":"status-publish","4":"format-standard","6":"category-notas-locales","7":"category-poza-rica"},"nelio_content":{"isAutoShareEnabled":true,"autoShareEndMode":"never","automationSources":{"useCustomSentences":false,"customSentences":[]},"followers":[],"suggestedReferences":[],"efiUrl":"","efiAlt":"","highlights":[],"permalinkQueryArgs":[],"series":[]},"_links":{"self":[{"href":"https:\/\/www.enteratever.com\/2023\/wp-json\/wp\/v2\/posts\/169459","targetHints":{"allow":["GET"]}}],"collection":[{"href":"https:\/\/www.enteratever.com\/2023\/wp-json\/wp\/v2\/posts"}],"about":[{"href":"https:\/\/www.enteratever.com\/2023\/wp-json\/wp\/v2\/types\/post"}],"author":[{"embeddable":true,"href":"https:\/\/www.enteratever.com\/2023\/wp-json\/wp\/v2\/users\/2"}],"replies":[{"embeddable":true,"href":"https:\/\/www.enteratever.com\/2023\/wp-json\/wp\/v2\/comments?post=169459"}],"version-history":[{"count":0,"href":"https:\/\/www.enteratever.com\/2023\/wp-json\/wp\/v2\/posts\/169459\/revisions"}],"wp:attachment":[{"href":"https:\/\/www.enteratever.com\/2023\/wp-json\/wp\/v2\/media?parent=169459"}],"wp:term":[{"taxonomy":"category","embeddable":true,"href":"https:\/\/www.enteratever.com\/2023\/wp-json\/wp\/v2\/categories?post=169459"},{"taxonomy":"post_tag","embeddable":true,"href":"https:\/\/www.enteratever.com\/2023\/wp-json\/wp\/v2\/tags?post=169459"}],"curies":[{"name":"wp","href":"https:\/\/api.w.org\/{rel}","templated":true}]}}