{"id":169447,"date":"2014-03-11T09:50:54","date_gmt":"2014-03-11T09:50:54","guid":{"rendered":"https:\/\/www.enteratever.com\/2023\/el-cuidado-del-agua-es-tarea-de-todos-raul-ruiz\/"},"modified":"2014-03-11T09:50:54","modified_gmt":"2014-03-11T09:50:54","slug":"el-cuidado-del-agua-es-tarea-de-todos-raul-ruiz","status":"publish","type":"post","link":"https:\/\/www.enteratever.com\/2023\/2014\/03\/11\/el-cuidado-del-agua-es-tarea-de-todos-raul-ruiz\/","title":{"rendered":"El cuidado del agua es tarea de todos: Ra\u00fal Ruiz"},"content":{"rendered":"<p>Visitas: 0<\/p><figure id=\"attachment_38209\" aria-describedby=\"caption-attachment-38209\" style=\"width: 660px\" class=\"wp-caption aligncenter\"><a href=\"http:\/\/www.enteratever.com\/wp-content\/uploads\/2014\/03\/IMG_2452.jpg\"><img loading=\"lazy\" decoding=\"async\" class=\"size-full wp-image-38209\" alt=\"El cuidado del agua es tarea de todos: Ra\u00fal Ruiz\" src=\"http:\/\/www.enteratever.com\/wp-content\/uploads\/2014\/03\/IMG_2452.jpg\" width=\"660\" height=\"440\" \/><\/a><figcaption id=\"caption-attachment-38209\" class=\"wp-caption-text\">El cuidado del agua es tarea de todos: Ra\u00fal Ruiz<\/figcaption><\/figure>\n<p style=\"text-align: justify\">El Alcalde Ra\u00fal Ru\u00edz D\u00edaz reiter\u00f3 los esfuerzos que actualmente realiza la \u00a0comuna, \u00a0para lograr la puesta en marcha de\u00a0 una planta tratadora de aguas residuales en el municipio; \u00a0esto en el marco del evento\u00a0 alusivo al\u00a0 pr\u00f3ximo 22 de marzo \u201cD\u00eda Mundial del Agua\u201d.<!--more--><\/p>\n<p style=\"text-align: justify\">Este \u00a0lunes en el Parque\u00a0 Rivere\u00f1o se llev\u00f3 a cabo la celebraci\u00f3n alusiva al pr\u00f3ximo D\u00eda Mundial del Agua, evento en el cual se cont\u00f3 con la presencia de autoridades estatales, municipales, militares, educativas as\u00ed como padres de familia.<\/p>\n<p style=\"text-align: justify\">En el marco de este evento el Presidente Municipal, Ra\u00fal Ruiz D\u00edaz, \u00a0\u00a0exhort\u00f3 a la poblaci\u00f3n a hacer \u00a0buen uso del \u00a0agua potable ya que\u00a0 los tres niveles de gobierno\u00a0 destinan importantes recursos en la potabilizaci\u00f3n del agua\u00a0 y el\u00a0\u00a0 suministro,\u00a0 al ser\u00a0 prioridad\u00a0 que llegue\u00a0 a todos los rincones del municipio.<\/p>\n<p style=\"text-align: justify\">A la par del cuidado del agua que \u00a0llega hasta los hogares, indic\u00f3 que es \u00a0preocupaci\u00f3n y ocupaci\u00f3n del gobierno pero tambi\u00e9n de la sociedad, preservar\u00a0 los \u00a0cuerpos de agua natural del municipio y evitar la contaminaci\u00f3n de\u00a0 los mismos.<\/p>\n<p style=\"text-align: justify\">\u201cPodemos invertir millones en tecnolog\u00eda o saneamiento, pero si no hay cultura del cuidado del agua, ninguna obra ser\u00e1 suficiente ni tendr\u00e1 resultados esperados\u201d manifest\u00f3 el Alcalde.<\/p>\n<p style=\"text-align: justify\">En \u00a0este tenor\u00a0 record\u00f3 que la\u00a0 puesta en marcha de una planta tratadora de aguas, \u00a0es un tema de agenda de trabajo,\u00a0 por lo que se encuentran en gestiones ante las autoridades federales y estatales para bajar recursos que permitan que esta administraci\u00f3n ponga en marcha este proyecto.<\/p>\n<p style=\"text-align: justify\">Al concluir el evento protocolario, el Alcalde\u00a0 Ra\u00fal Ruiz, en compa\u00f1\u00eda de Eduardo Ram\u00edrez Ortiz, Jefe de Oficina Enlace Zona Norte y Mario Alberto Ortiz Sanabia, \u00a0Jefe de Oficina Operativa\u00a0 en Tuxpan, ambos de la Comisi\u00f3n del Agua del Estado de Veracruz (CAEV)\u00a0 recorrieron\u00a0 los m\u00f3dulos instalados en el Parque Rivere\u00f1o, en donde \u00a0\u00a0se impartieron talleres alusivos al tema del agua, adem\u00e1s de convivir con\u00a0 alumnos de las diversas escuelas y ni\u00f1os ganadores del concurso de dibujo \u201cPintando el mundo con agua\u201d.<\/p>\n","protected":false},"excerpt":{"rendered":"<p>Visitas: 0El Alcalde Ra\u00fal Ru\u00edz D\u00edaz reiter\u00f3 los esfuerzos que actualmente realiza la \u00a0comuna, \u00a0para lograr la puesta en marcha de\u00a0 una planta tratadora de aguas residuales en el municipio; \u00a0esto en el marco del evento\u00a0 alusivo al\u00a0 pr\u00f3ximo 22 de marzo \u201cD\u00eda Mundial del Agua\u201d.<\/p>\n","protected":false},"author":2,"featured_media":0,"comment_status":"open","ping_status":"open","sticky":false,"template":"","format":"standard","meta":{"footnotes":""},"categories":[213],"tags":[],"class_list":{"0":"post-169447","1":"post","2":"type-post","3":"status-publish","4":"format-standard","6":"category-poza-rica"},"nelio_content":{"isAutoShareEnabled":true,"autoShareEndMode":"never","automationSources":{"useCustomSentences":false,"customSentences":[]},"followers":[],"suggestedReferences":[],"efiUrl":"","efiAlt":"","highlights":[],"permalinkQueryArgs":[],"series":[]},"_links":{"self":[{"href":"https:\/\/www.enteratever.com\/2023\/wp-json\/wp\/v2\/posts\/169447","targetHints":{"allow":["GET"]}}],"collection":[{"href":"https:\/\/www.enteratever.com\/2023\/wp-json\/wp\/v2\/posts"}],"about":[{"href":"https:\/\/www.enteratever.com\/2023\/wp-json\/wp\/v2\/types\/post"}],"author":[{"embeddable":true,"href":"https:\/\/www.enteratever.com\/2023\/wp-json\/wp\/v2\/users\/2"}],"replies":[{"embeddable":true,"href":"https:\/\/www.enteratever.com\/2023\/wp-json\/wp\/v2\/comments?post=169447"}],"version-history":[{"count":0,"href":"https:\/\/www.enteratever.com\/2023\/wp-json\/wp\/v2\/posts\/169447\/revisions"}],"wp:attachment":[{"href":"https:\/\/www.enteratever.com\/2023\/wp-json\/wp\/v2\/media?parent=169447"}],"wp:term":[{"taxonomy":"category","embeddable":true,"href":"https:\/\/www.enteratever.com\/2023\/wp-json\/wp\/v2\/categories?post=169447"},{"taxonomy":"post_tag","embeddable":true,"href":"https:\/\/www.enteratever.com\/2023\/wp-json\/wp\/v2\/tags?post=169447"}],"curies":[{"name":"wp","href":"https:\/\/api.w.org\/{rel}","templated":true}]}}