{"id":169446,"date":"2014-03-11T11:46:23","date_gmt":"2014-03-11T11:46:23","guid":{"rendered":"https:\/\/www.enteratever.com\/2023\/supervisan-trabajos-de-rehabilitacion-en-los-kilometros\/"},"modified":"2014-03-11T11:46:23","modified_gmt":"2014-03-11T11:46:23","slug":"supervisan-trabajos-de-rehabilitacion-en-los-kilometros","status":"publish","type":"post","link":"https:\/\/www.enteratever.com\/2023\/2014\/03\/11\/supervisan-trabajos-de-rehabilitacion-en-los-kilometros\/","title":{"rendered":"Supervisan trabajos de rehabilitaci\u00f3n en Los Kil\u00f3metros"},"content":{"rendered":"<p>Visitas: 0<\/p><figure id=\"attachment_38206\" aria-describedby=\"caption-attachment-38206\" style=\"width: 583px\" class=\"wp-caption aligncenter\"><a href=\"http:\/\/www.enteratever.com\/wp-content\/uploads\/2014\/03\/SUPERVISION3.jpg\"><img loading=\"lazy\" decoding=\"async\" class=\"size-full wp-image-38206\" alt=\"Supervisan trabajos de rehabilitaci\u00f3n en Los Kil\u00f3metros\" src=\"http:\/\/www.enteratever.com\/wp-content\/uploads\/2014\/03\/SUPERVISION3.jpg\" width=\"583\" height=\"440\" \/><\/a><figcaption id=\"caption-attachment-38206\" class=\"wp-caption-text\">Supervisan trabajos de rehabilitaci\u00f3n en Los Kil\u00f3metros<\/figcaption><\/figure>\n<p style=\"text-align: justify\">Tuxpan, Veracruz.- Como parte del compromiso pactado con los habitantes de \u00a0la ruta \u00a0de \u00a0Los Kil\u00f3metros, \u00a0de\u00a0 vigilar que\u00a0 los\u00a0 trabajos concluyan en tiempo y forma, \u00a0el\u00a0 Presidente Municipal Ra\u00fal Ruiz D\u00edaz supervis\u00f3\u00a0 los \u00a0tareas de rehabilitaci\u00f3n\u00a0 de dicho tramo que iniciaron la semana pasada.<!--more--><\/p>\n<p style=\"text-align: justify\">En compa\u00f1\u00eda del Secretario del Ayuntamiento, Jaime Huesca G\u00f3mez y del Director de Obras P\u00fablicas Municipal\u00a0 \u00a0Miguel Pedro \u00a0Airzcorbe Salicrup, el Alcalde\u00a0 Ra\u00fal Ruiz \u00a0\u00a0visit\u00f3 esta ma\u00f1ana del lunes, la zona\u00a0 en donde las maquinarias realizan los trabajos\u00a0 correspondientes.<\/p>\n<p style=\"text-align: justify\">En el lugar, platic\u00f3 con comisarios ejidales, agentes municipales y habitantes de \u00a0esta ruta\u00a0 respecto a la puesta en marcha de estos trabajos, observ\u00e1ndose las maquinarias en pleno proceso de levantamiento del encarpetado asf\u00e1ltico deteriorado.<\/p>\n<p style=\"text-align: justify\">Ruiz D\u00edaz expres\u00f3 a los pobladores presentes, que \u00a0sin invadir\u00a0 \u00a0y mucho menos \u00a0restar\u00a0 la autoridad y competencia de las autoridades estatales \u00a0as\u00ed como de las empresas que tienen total injerencia en este tema, como primera autoridad municipal estar\u00e1 al pendiente de las gestiones que como comuna pueda realizar en pro de los habitantes de esta ruta, para que este proyecto concluya sin m\u00e1s retrasos.<\/p>\n<p style=\"text-align: justify\">El Alcalde indic\u00f3 que\u00a0 la presencia de las autoridades municipales en esta obra, solo tiene el objetivo de responder al llamado de los habitantes de Los Kil\u00f3metros \u00a0y apoyarlos en esta justa causa, toda vez que constat\u00f3 que esta ruta necesita una rehabilitaci\u00f3n al cien por ciento, comenzando los trabajos en una primera parte en el tramo comprendido entre\u00a0 la comunidad conocida como La Pe\u00f1ita\u00a0 hasta el Km 15.<\/p>\n<p style=\"text-align: justify\">Desde el pasado mi\u00e9rcoles \u00a0arrib\u00f3\u00a0 la maquinaria\u00a0 y \u00a0el acuerdo \u00a0contempla la rehabilitaci\u00f3n\u00a0 con\u00a0 pavimento hidr\u00e1ulico de 15 kms y 4 kms con asfalto, haciendo un total de 19 kms pavimentados.<\/p>\n","protected":false},"excerpt":{"rendered":"<p>Visitas: 0Tuxpan, Veracruz.- Como parte del compromiso pactado con los habitantes de \u00a0la ruta \u00a0de \u00a0Los Kil\u00f3metros, \u00a0de\u00a0 vigilar que\u00a0 los\u00a0 trabajos concluyan en tiempo y forma, \u00a0el\u00a0 Presidente Municipal Ra\u00fal Ruiz D\u00edaz supervis\u00f3\u00a0 los \u00a0tareas de rehabilitaci\u00f3n\u00a0 de dicho tramo que iniciaron la semana pasada.<\/p>\n","protected":false},"author":2,"featured_media":0,"comment_status":"open","ping_status":"open","sticky":false,"template":"","format":"standard","meta":{"footnotes":""},"categories":[213],"tags":[],"class_list":{"0":"post-169446","1":"post","2":"type-post","3":"status-publish","4":"format-standard","6":"category-poza-rica"},"nelio_content":{"isAutoShareEnabled":true,"autoShareEndMode":"never","automationSources":{"useCustomSentences":false,"customSentences":[]},"followers":[],"suggestedReferences":[],"efiUrl":"","efiAlt":"","highlights":[],"permalinkQueryArgs":[],"series":[]},"_links":{"self":[{"href":"https:\/\/www.enteratever.com\/2023\/wp-json\/wp\/v2\/posts\/169446","targetHints":{"allow":["GET"]}}],"collection":[{"href":"https:\/\/www.enteratever.com\/2023\/wp-json\/wp\/v2\/posts"}],"about":[{"href":"https:\/\/www.enteratever.com\/2023\/wp-json\/wp\/v2\/types\/post"}],"author":[{"embeddable":true,"href":"https:\/\/www.enteratever.com\/2023\/wp-json\/wp\/v2\/users\/2"}],"replies":[{"embeddable":true,"href":"https:\/\/www.enteratever.com\/2023\/wp-json\/wp\/v2\/comments?post=169446"}],"version-history":[{"count":0,"href":"https:\/\/www.enteratever.com\/2023\/wp-json\/wp\/v2\/posts\/169446\/revisions"}],"wp:attachment":[{"href":"https:\/\/www.enteratever.com\/2023\/wp-json\/wp\/v2\/media?parent=169446"}],"wp:term":[{"taxonomy":"category","embeddable":true,"href":"https:\/\/www.enteratever.com\/2023\/wp-json\/wp\/v2\/categories?post=169446"},{"taxonomy":"post_tag","embeddable":true,"href":"https:\/\/www.enteratever.com\/2023\/wp-json\/wp\/v2\/tags?post=169446"}],"curies":[{"name":"wp","href":"https:\/\/api.w.org\/{rel}","templated":true}]}}