{"id":169445,"date":"2014-03-11T02:09:05","date_gmt":"2014-03-11T02:09:05","guid":{"rendered":"https:\/\/www.enteratever.com\/2023\/piden-cese-de-director-de-telesecundaria-morelos\/"},"modified":"2014-03-11T02:09:05","modified_gmt":"2014-03-11T02:09:05","slug":"piden-cese-de-director-de-telesecundaria-morelos","status":"publish","type":"post","link":"https:\/\/www.enteratever.com\/2023\/2014\/03\/11\/piden-cese-de-director-de-telesecundaria-morelos\/","title":{"rendered":"Piden cese de director de Telesecundaria \u2018Morelos\u2019"},"content":{"rendered":"<p>Visitas: 0<\/p><figure id=\"attachment_38115\" aria-describedby=\"caption-attachment-38115\" style=\"width: 587px\" class=\"wp-caption aligncenter\"><a href=\"http:\/\/www.enteratever.com\/wp-content\/uploads\/2014\/03\/Piden-cese-del-director-de-la-Telesecundaria-Morelos.jpg\"><img loading=\"lazy\" decoding=\"async\" class=\"size-full wp-image-38115\" alt=\"Piden cese de director de Telesecundaria \u2018Morelos\u2019\" src=\"http:\/\/www.enteratever.com\/wp-content\/uploads\/2014\/03\/Piden-cese-del-director-de-la-Telesecundaria-Morelos.jpg\" width=\"587\" height=\"440\" \/><\/a><figcaption id=\"caption-attachment-38115\" class=\"wp-caption-text\">Piden cese de director de Telesecundaria \u2018Morelos\u2019<\/figcaption><\/figure>\n<p style=\"text-align: justify\">Madre de familia de la telesecundaria \u2018Jos\u00e9 Mar\u00eda Morelos y Pav\u00f3n\u2019, pide la intervenci\u00f3n de las autoridades municipales y educativas para poner un alto al director del plantel Mario Mart\u00ednez Santos, porque les grita a los alumnos y les pone apodos para hacer escarnio p\u00fablico como castigo.<!--more--><\/p>\n<p style=\"text-align: justify\">Mayra Edith Cabrera Dom\u00ednguez, dijo que su hija Yenedith Aldana, quien estudia en esa instituci\u00f3n educativa, fue v\u00edctima de los malos tratos de Mar\u00edo Mart\u00ednez, a quien le grit\u00f3 y ret\u00f3 a que le trajer a su pap\u00e1 para demostrarle que quien manda en esa escuela es \u00e9l.<\/p>\n<p style=\"text-align: justify\">\u201cLe paso que tenga la escuela sucia, que los ba\u00f1os sean una porquer\u00eda, que quiera cobrarles cuotas por llevar celulares, pero no estoy de acuerdo con que se meta con mi hija, que le quiera hacer lo mismo que le hace a todos, de que les pone apodos, que les grita\u201d, dice la mujer.<\/p>\n<p style=\"text-align: justify\">Explica que el problema se suscit\u00f3 porque la ni\u00f1a y otros de su compa\u00f1eros no quisieron comprar en la cooperativa escolar que maneja el docente sino que compraron con un vendedor externo.<\/p>\n<p style=\"text-align: justify\">La alumna afectada denunci\u00f3 que el director les habla con gritos, les falta al respeto, les pone apodos a los alumnos e incurre en otros abusos.<\/p>\n<p style=\"text-align: justify\">Tambi\u00e9n se\u00f1al\u00f3 que la escuela est\u00e1 en p\u00e9simas condiciones, con mucha basura y con ba\u00f1os insalubres, adem\u00e1s de que obliga a los alumnos a chapear, a fumigar y a barrer.<\/p>\n<p style=\"text-align: justify\">Fueron atendidos por el Regidor comisionado en Derechos Humanos, Aldo Ren\u00e9 Herrera D\u00edaz, quien se comprometi\u00f3 a intervenir como autoridad municipal para solicitar el apoyo de la Secretar\u00eda de Educaci\u00f3n de Veracruz. Hoy a las 11 de la ma\u00f1ana habr\u00e1 reuni\u00f3n con padres de familia para abordar este tema.<\/p>\n<p style=\"text-align: justify\">CORTADOS CON LA\u00a0\u2018MISMA TIJERA\u2019<\/p>\n<p style=\"text-align: justify\">Otra situaci\u00f3n similar fue denunciada p\u00fablicamente por alumnos de la Telesecundaria de la comunidad de Donato M\u00e1rquez, quienes se quejan de que el director Ariel L\u00f3pez Gonz\u00e1lez, les grita a los estudiantes y les impone castigos denigrantes.<\/p>\n<p style=\"text-align: justify\">Tanto Ariel L\u00f3pez Gonz\u00e1lez, como Mario Mart\u00ednez Santos, dependen de la zona 029 a cargo del profesor Jos\u00e9 Luis Guzm\u00e1n Gonz\u00e1lez.<\/p>\n","protected":false},"excerpt":{"rendered":"<p>Visitas: 0Madre de familia de la telesecundaria \u2018Jos\u00e9 Mar\u00eda Morelos y Pav\u00f3n\u2019, pide la intervenci\u00f3n de las autoridades municipales y educativas para poner un alto al director del plantel Mario Mart\u00ednez Santos, porque les grita a los alumnos y les pone apodos para hacer escarnio p\u00fablico como castigo.<\/p>\n","protected":false},"author":2,"featured_media":0,"comment_status":"open","ping_status":"open","sticky":false,"template":"","format":"standard","meta":{"footnotes":""},"categories":[213],"tags":[],"class_list":{"0":"post-169445","1":"post","2":"type-post","3":"status-publish","4":"format-standard","6":"category-poza-rica"},"nelio_content":{"isAutoShareEnabled":true,"autoShareEndMode":"never","automationSources":{"useCustomSentences":false,"customSentences":[]},"followers":[],"suggestedReferences":[],"efiUrl":"","efiAlt":"","highlights":[],"permalinkQueryArgs":[],"series":[]},"_links":{"self":[{"href":"https:\/\/www.enteratever.com\/2023\/wp-json\/wp\/v2\/posts\/169445","targetHints":{"allow":["GET"]}}],"collection":[{"href":"https:\/\/www.enteratever.com\/2023\/wp-json\/wp\/v2\/posts"}],"about":[{"href":"https:\/\/www.enteratever.com\/2023\/wp-json\/wp\/v2\/types\/post"}],"author":[{"embeddable":true,"href":"https:\/\/www.enteratever.com\/2023\/wp-json\/wp\/v2\/users\/2"}],"replies":[{"embeddable":true,"href":"https:\/\/www.enteratever.com\/2023\/wp-json\/wp\/v2\/comments?post=169445"}],"version-history":[{"count":0,"href":"https:\/\/www.enteratever.com\/2023\/wp-json\/wp\/v2\/posts\/169445\/revisions"}],"wp:attachment":[{"href":"https:\/\/www.enteratever.com\/2023\/wp-json\/wp\/v2\/media?parent=169445"}],"wp:term":[{"taxonomy":"category","embeddable":true,"href":"https:\/\/www.enteratever.com\/2023\/wp-json\/wp\/v2\/categories?post=169445"},{"taxonomy":"post_tag","embeddable":true,"href":"https:\/\/www.enteratever.com\/2023\/wp-json\/wp\/v2\/tags?post=169445"}],"curies":[{"name":"wp","href":"https:\/\/api.w.org\/{rel}","templated":true}]}}