{"id":169440,"date":"2014-03-11T04:19:11","date_gmt":"2014-03-11T04:19:11","guid":{"rendered":"https:\/\/www.enteratever.com\/2023\/carniceros-pagan-elevados-costos-de-energia\/"},"modified":"2014-03-11T04:19:11","modified_gmt":"2014-03-11T04:19:11","slug":"carniceros-pagan-elevados-costos-de-energia","status":"publish","type":"post","link":"https:\/\/www.enteratever.com\/2023\/2014\/03\/11\/carniceros-pagan-elevados-costos-de-energia\/","title":{"rendered":"Carniceros pagan elevados costos de energ\u00eda"},"content":{"rendered":"<p>Visitas: 0<\/p><figure id=\"attachment_38089\" aria-describedby=\"caption-attachment-38089\" style=\"width: 587px\" class=\"wp-caption aligncenter\"><a href=\"http:\/\/www.enteratever.com\/wp-content\/uploads\/2014\/03\/DSCN7059.jpg\"><img loading=\"lazy\" decoding=\"async\" class=\"size-full wp-image-38089\" alt=\"Carniceros pagan elevados costos de energ\u00eda\" src=\"http:\/\/www.enteratever.com\/wp-content\/uploads\/2014\/03\/DSCN7059.jpg\" width=\"587\" height=\"440\" \/><\/a><figcaption id=\"caption-attachment-38089\" class=\"wp-caption-text\">Carniceros pagan elevados costos de energ\u00eda<\/figcaption><\/figure>\n<p style=\"text-align: justify\">Carniceros pagan elevados costos de consumo de energ\u00eda en el Mercado Poza\u00a0Rica, debido a las obras del distribuidor vial, afirm\u00f3 Marcela Vicencio\u00a0Galindo Secretaria General de la Uni\u00f3n de Comerciantes del mercado Poza\u00a0Rica.<!--more--><\/p>\n<p style=\"text-align: justify\">La cantidad a pagar de energ\u00eda el\u00e9ctrica de los comerciantes oscila entre\u00a0los 6 mil y 7 mil pesos bimestrales ya los 35 comerciantes afectados, el\u00a0motivo del incremento se debe a que est\u00e1n conectados por la central norte\u00a0de la red subterr\u00e1nea misma del distribuidor vial.<\/p>\n<p style=\"text-align: justify\">Manifiestan que esperan que el proyecto de electrificaci\u00f3n est\u00e9 esta\u00a0semana, ya que beneficiar\u00e1 a 200 locatarios y ya una vez teniendo el plan\u00a0poder formar los tres patronatos que se necesitan y avanzar en el \u00e1rea no\u00a0remodelada del mercado y as\u00ed quitar lo vulnerable de la obra.<\/p>\n<p style=\"text-align: justify\">\u00abEspero esta semana ya me entreguen el proyecto y ya no sea una promesa y\u00a0se a\u00fan hechos, y se pretende entregar concluido en un lapso no mayor de\u00a0tres meses\u00bb<\/p>\n<p style=\"text-align: justify\">Tambi\u00e9n piden al ayuntamiento que reconsidere los trabajos del\u00a0distribuidor, el m\u00e1s pronto posible, \u00abSi hay que trabajar dos, tres turnos\u00a0por parte de la compa\u00f1\u00eda que se est\u00e1 encargada de la ejecuci\u00f3n de\u00a0distribuidor, trabajar d\u00eda y noche para que no seamos afectados los que\u00a0vivimos en el centro de la ciudad con respecto al comercio\u00bb ya que afirman\u00a0ellos se encargaran de promocionar el mercado Poza Rica en una revista que\u00a0se va a sacar la vamos a obsequiar en los hoteles y en la Cumbre Taj\u00edn esto\u00a0para reactivar la econom\u00eda.<\/p>\n","protected":false},"excerpt":{"rendered":"<p>Visitas: 0Carniceros pagan elevados costos de consumo de energ\u00eda en el Mercado Poza\u00a0Rica, debido a las obras del distribuidor vial, afirm\u00f3 Marcela Vicencio\u00a0Galindo Secretaria General de la Uni\u00f3n de Comerciantes del mercado Poza\u00a0Rica.<\/p>\n","protected":false},"author":2,"featured_media":0,"comment_status":"open","ping_status":"open","sticky":false,"template":"","format":"standard","meta":{"footnotes":""},"categories":[213],"tags":[],"class_list":{"0":"post-169440","1":"post","2":"type-post","3":"status-publish","4":"format-standard","6":"category-poza-rica"},"nelio_content":{"isAutoShareEnabled":true,"autoShareEndMode":"never","automationSources":{"useCustomSentences":false,"customSentences":[]},"followers":[],"suggestedReferences":[],"efiUrl":"","efiAlt":"","highlights":[],"permalinkQueryArgs":[],"series":[]},"_links":{"self":[{"href":"https:\/\/www.enteratever.com\/2023\/wp-json\/wp\/v2\/posts\/169440","targetHints":{"allow":["GET"]}}],"collection":[{"href":"https:\/\/www.enteratever.com\/2023\/wp-json\/wp\/v2\/posts"}],"about":[{"href":"https:\/\/www.enteratever.com\/2023\/wp-json\/wp\/v2\/types\/post"}],"author":[{"embeddable":true,"href":"https:\/\/www.enteratever.com\/2023\/wp-json\/wp\/v2\/users\/2"}],"replies":[{"embeddable":true,"href":"https:\/\/www.enteratever.com\/2023\/wp-json\/wp\/v2\/comments?post=169440"}],"version-history":[{"count":0,"href":"https:\/\/www.enteratever.com\/2023\/wp-json\/wp\/v2\/posts\/169440\/revisions"}],"wp:attachment":[{"href":"https:\/\/www.enteratever.com\/2023\/wp-json\/wp\/v2\/media?parent=169440"}],"wp:term":[{"taxonomy":"category","embeddable":true,"href":"https:\/\/www.enteratever.com\/2023\/wp-json\/wp\/v2\/categories?post=169440"},{"taxonomy":"post_tag","embeddable":true,"href":"https:\/\/www.enteratever.com\/2023\/wp-json\/wp\/v2\/tags?post=169440"}],"curies":[{"name":"wp","href":"https:\/\/api.w.org\/{rel}","templated":true}]}}