{"id":169438,"date":"2014-03-11T00:06:21","date_gmt":"2014-03-11T00:06:21","guid":{"rendered":"https:\/\/www.enteratever.com\/2023\/beneficia-a-70-personas-la-feria-del-empleo-en-poza-rica\/"},"modified":"2014-03-11T00:06:21","modified_gmt":"2014-03-11T00:06:21","slug":"beneficia-a-70-personas-la-feria-del-empleo-en-poza-rica","status":"publish","type":"post","link":"https:\/\/www.enteratever.com\/2023\/2014\/03\/11\/beneficia-a-70-personas-la-feria-del-empleo-en-poza-rica\/","title":{"rendered":"Beneficia a 70 personas la feria del empleo en Poza Rica"},"content":{"rendered":"<p>Visitas: 0<\/p><figure id=\"attachment_37960\" aria-describedby=\"caption-attachment-37960\" style=\"width: 660px\" class=\"wp-caption aligncenter\"><a href=\"http:\/\/www.enteratever.com\/wp-content\/uploads\/2014\/03\/DSCN26042.jpg\"><img loading=\"lazy\" decoding=\"async\" class=\"size-full wp-image-37960\" alt=\"Beneficia a 70 personas la feria del empleo en Poza Rica\" src=\"http:\/\/www.enteratever.com\/wp-content\/uploads\/2014\/03\/DSCN26042.jpg\" width=\"660\" height=\"495\" \/><\/a><figcaption id=\"caption-attachment-37960\" class=\"wp-caption-text\">Beneficia a 70 personas la feria del empleo en Poza Rica<\/figcaption><\/figure>\n<p style=\"text-align: justify\">Por: <em><strong>Jazm\u00edn Morales<\/strong><\/em><\/p>\n<p style=\"text-align: justify\">Se ven beneficiadas 70 personas inmediatamente en la feria nacional del empleo en Poza Rica, de las 500 plazas ofertadas que se dieron, manifest\u00f3 la coordinadora regional del servicio del empleo Irma Moncada Garc\u00eda.<!--more--><\/p>\n<p style=\"text-align: justify\">Despu\u00e9s de que el mi\u00e9rcoles 5 de marzo se realizara en el palacio administrativo la feria nacional del empleo donde participaron 50 empresas ofertando todas las vacantes disponibles.<\/p>\n<p style=\"text-align: justify\">El d\u00eda de hoy ya se encuentran colocados 70 desempleados y podr\u00e1n ser colocados mas en mes y medio ya que las empresas den la respuesta de las 500 plazas que ofertaron, incluso afirm\u00f3 la coordinadora que hubo puestos que los solicitantes ped\u00edan y que no estaban ofertados sin embargo sus solicitudes fueron recibidas y m\u00e1s adelante cuando exista la vacantes puedan contactarlos.<\/p>\n<p style=\"text-align: justify\">\u00abFue una buena oferta y la empresas tuvieron un buen n\u00famero de solicitantes y con esto podr\u00e1n llevar a cabo una buena elecci\u00f3n\u00bb agreg\u00f3.<\/p>\n<p style=\"text-align: justify\">Tambi\u00e9n desde el mes de enero se inici\u00f3 el programa b\u00e9cate en Tihuatlan, Tuxpan, \u00c1lamo, Papantla, Tecolutla, Mecatl\u00e1n, Filomeno mata as\u00ed mismo se tuvieron 200 los jornaleros de zozocolco beneficiados, se pretende atender a 1500 beneficiarios del programa b\u00e9cate.<\/p>\n<p style=\"text-align: justify\">De igual forma en este mes se iniciar\u00e1 la capacitaci\u00f3n practica laboral de auto empleo, mismo donde se ver\u00e1n beneficiados muchos m\u00e1s de los proyectos como fomento al autoempleo y vinculaci\u00f3n este \u00faltimo que afirma es lo muy fuerte y productivo concluyo la funcionaria.<\/p>\n","protected":false},"excerpt":{"rendered":"<p>Visitas: 0Por: Jazm\u00edn Morales Se ven beneficiadas 70 personas inmediatamente en la feria nacional del empleo en Poza Rica, de las 500 plazas ofertadas que se dieron, manifest\u00f3 la coordinadora regional del servicio del empleo Irma Moncada Garc\u00eda.<\/p>\n","protected":false},"author":2,"featured_media":0,"comment_status":"open","ping_status":"open","sticky":false,"template":"","format":"standard","meta":{"footnotes":""},"categories":[213],"tags":[],"class_list":{"0":"post-169438","1":"post","2":"type-post","3":"status-publish","4":"format-standard","6":"category-poza-rica"},"nelio_content":{"isAutoShareEnabled":true,"autoShareEndMode":"never","automationSources":{"useCustomSentences":false,"customSentences":[]},"followers":[],"suggestedReferences":[],"efiUrl":"","efiAlt":"","highlights":[],"permalinkQueryArgs":[],"series":[]},"_links":{"self":[{"href":"https:\/\/www.enteratever.com\/2023\/wp-json\/wp\/v2\/posts\/169438","targetHints":{"allow":["GET"]}}],"collection":[{"href":"https:\/\/www.enteratever.com\/2023\/wp-json\/wp\/v2\/posts"}],"about":[{"href":"https:\/\/www.enteratever.com\/2023\/wp-json\/wp\/v2\/types\/post"}],"author":[{"embeddable":true,"href":"https:\/\/www.enteratever.com\/2023\/wp-json\/wp\/v2\/users\/2"}],"replies":[{"embeddable":true,"href":"https:\/\/www.enteratever.com\/2023\/wp-json\/wp\/v2\/comments?post=169438"}],"version-history":[{"count":0,"href":"https:\/\/www.enteratever.com\/2023\/wp-json\/wp\/v2\/posts\/169438\/revisions"}],"wp:attachment":[{"href":"https:\/\/www.enteratever.com\/2023\/wp-json\/wp\/v2\/media?parent=169438"}],"wp:term":[{"taxonomy":"category","embeddable":true,"href":"https:\/\/www.enteratever.com\/2023\/wp-json\/wp\/v2\/categories?post=169438"},{"taxonomy":"post_tag","embeddable":true,"href":"https:\/\/www.enteratever.com\/2023\/wp-json\/wp\/v2\/tags?post=169438"}],"curies":[{"name":"wp","href":"https:\/\/api.w.org\/{rel}","templated":true}]}}