{"id":169421,"date":"2014-03-08T20:31:31","date_gmt":"2014-03-08T20:31:31","guid":{"rendered":"https:\/\/www.enteratever.com\/2023\/veracruz-con-pendientes-en-fonden\/"},"modified":"2014-03-08T20:31:31","modified_gmt":"2014-03-08T20:31:31","slug":"veracruz-con-pendientes-en-fonden","status":"publish","type":"post","link":"https:\/\/www.enteratever.com\/2023\/2014\/03\/08\/veracruz-con-pendientes-en-fonden\/","title":{"rendered":"Veracruz con pendientes en FONDEN"},"content":{"rendered":"<p>Visitas: 0<\/p><div dir=\"ltr\" style=\"text-align: justify\">\n<figure id=\"attachment_37536\" aria-describedby=\"caption-attachment-37536\" style=\"width: 660px\" class=\"wp-caption aligncenter\"><a href=\"http:\/\/www.enteratever.com\/wp-content\/uploads\/2014\/03\/IMG_Foto-4-MEDIOS-Invivienda-Sep-8.jpg\"><img loading=\"lazy\" decoding=\"async\" class=\"size-full wp-image-37536\" alt=\"Veracruz con pendientes en FONDEN\" src=\"http:\/\/www.enteratever.com\/wp-content\/uploads\/2014\/03\/IMG_Foto-4-MEDIOS-Invivienda-Sep-8.jpg\" width=\"660\" height=\"440\" \/><\/a><figcaption id=\"caption-attachment-37536\" class=\"wp-caption-text\">Veracruz con pendientes en FONDEN<\/figcaption><\/figure>\n<p><i>Por: Jazm\u00edn Morales Silva.<\/i><\/div>\n<div dir=\"ltr\" style=\"text-align: justify\"><\/div>\n<div dir=\"ltr\" style=\"text-align: justify\"><i><\/i>Veracruz tiene muchos pendientes en Control y Seguimiento del Fondo de Desastres Naturales (FONDEN),\u00a0desde 2010 y 2011 ya que esos recursos se debieron haber aplicado y no fue as\u00ed hoy ya son pendientes, afirm\u00f3\u00a0H\u00e9ctor Yunes Landa Senador de la Republica.<!--more--><\/div>\n<div dir=\"ltr\">\n<p style=\"text-align: justify\">\u201cEn mi calidad de presidente de protecci\u00f3n civil ver\u00e9 que el titular del FONDEN a nivel nacional ponga sus ojos en Veracruz para poder sanar esos pendientes de 2010 y 2011, \u00a0incluso si es necesario vendr\u00e9 con \u00e9l para supervisar aquellos pendiente que se tiene el tema de los recursos.\u201d manifest\u00f3 el senador.<\/p>\n<p style=\"text-align: justify\">Manifest\u00f3 que se revisaran todo aquel pendiente que tiene en Veracruz, y que los fen\u00f3menos naturales como Ingrid y Manuel dejaron da\u00f1os por miles de millones de pesos que no se pueden cubrir inmediatamente, y es que no hay recursos que alcancen para dejar todo como estaba antes de un movimiento de la naturaleza, pero si es necesario reparar ya que entre ellos se encuentran escuelas, hospitales, carreteras y muchos mas espacios p\u00fablicos e incluso de la iniciativa privada<\/p>\n<p style=\"text-align: justify\">\u201cLamentablemente la naturaleza lastima, agravia a todo el pa\u00eds esa vez los agarro por los dos lados \u00a0como el jam\u00f3n del s\u00e1ndwich al pa\u00eds y nos dejo con un gran deterioro\u201d<\/p>\n<p style=\"text-align: justify\">Aunque no dio una fecha sobre cuando quedar\u00e1n ya cubiertos los pendientes que tiene la entidad Veracruzana, \u00a0asegur\u00f3 que adem\u00e1s de resolver los pendiente se trabajar\u00e1 para \u00a0privilegiar \u00a0prevenci\u00f3n\u201d La mejor forma de servir no es enfrentando a la naturaleza sino evitando que estos impacten de manera grave\u201d concluy\u00f3.<\/p>\n<\/div>\n","protected":false},"excerpt":{"rendered":"<p>Visitas: 0 Por: Jazm\u00edn Morales Silva. Veracruz tiene muchos pendientes en Control y Seguimiento del Fondo de Desastres Naturales (FONDEN),\u00a0desde 2010 y 2011 ya que esos recursos se debieron haber aplicado y no fue as\u00ed hoy ya son pendientes, afirm\u00f3\u00a0H\u00e9ctor Yunes Landa Senador de la Republica.<\/p>\n","protected":false},"author":2,"featured_media":0,"comment_status":"open","ping_status":"open","sticky":false,"template":"","format":"standard","meta":{"footnotes":""},"categories":[299,213],"tags":[],"class_list":{"0":"post-169421","1":"post","2":"type-post","3":"status-publish","4":"format-standard","6":"category-notas-locales","7":"category-poza-rica"},"nelio_content":{"isAutoShareEnabled":true,"autoShareEndMode":"never","automationSources":{"useCustomSentences":false,"customSentences":[]},"followers":[],"suggestedReferences":[],"efiUrl":"","efiAlt":"","highlights":[],"permalinkQueryArgs":[],"series":[]},"_links":{"self":[{"href":"https:\/\/www.enteratever.com\/2023\/wp-json\/wp\/v2\/posts\/169421","targetHints":{"allow":["GET"]}}],"collection":[{"href":"https:\/\/www.enteratever.com\/2023\/wp-json\/wp\/v2\/posts"}],"about":[{"href":"https:\/\/www.enteratever.com\/2023\/wp-json\/wp\/v2\/types\/post"}],"author":[{"embeddable":true,"href":"https:\/\/www.enteratever.com\/2023\/wp-json\/wp\/v2\/users\/2"}],"replies":[{"embeddable":true,"href":"https:\/\/www.enteratever.com\/2023\/wp-json\/wp\/v2\/comments?post=169421"}],"version-history":[{"count":0,"href":"https:\/\/www.enteratever.com\/2023\/wp-json\/wp\/v2\/posts\/169421\/revisions"}],"wp:attachment":[{"href":"https:\/\/www.enteratever.com\/2023\/wp-json\/wp\/v2\/media?parent=169421"}],"wp:term":[{"taxonomy":"category","embeddable":true,"href":"https:\/\/www.enteratever.com\/2023\/wp-json\/wp\/v2\/categories?post=169421"},{"taxonomy":"post_tag","embeddable":true,"href":"https:\/\/www.enteratever.com\/2023\/wp-json\/wp\/v2\/tags?post=169421"}],"curies":[{"name":"wp","href":"https:\/\/api.w.org\/{rel}","templated":true}]}}