{"id":169413,"date":"2014-03-08T03:10:24","date_gmt":"2014-03-08T03:10:24","guid":{"rendered":"https:\/\/www.enteratever.com\/2023\/destaca-uv-el-papel-de-la-mujer-en-la-sociedad\/"},"modified":"2014-03-08T03:10:24","modified_gmt":"2014-03-08T03:10:24","slug":"destaca-uv-el-papel-de-la-mujer-en-la-sociedad","status":"publish","type":"post","link":"https:\/\/www.enteratever.com\/2023\/2014\/03\/08\/destaca-uv-el-papel-de-la-mujer-en-la-sociedad\/","title":{"rendered":"Destaca UV el papel de la mujer en la sociedad"},"content":{"rendered":"<p>Visitas: 0<\/p><figure id=\"attachment_37302\" aria-describedby=\"caption-attachment-37302\" style=\"width: 659px\" class=\"wp-caption aligncenter\"><a href=\"http:\/\/www.enteratever.com\/wp-content\/uploads\/2014\/03\/IMG_2956.jpg\"><img loading=\"lazy\" decoding=\"async\" class=\"size-full wp-image-37302\" alt=\"Destaca UV el papel de la mujer en la sociedad\" src=\"http:\/\/www.enteratever.com\/wp-content\/uploads\/2014\/03\/IMG_2956.jpg\" width=\"659\" height=\"440\" \/><\/a><figcaption id=\"caption-attachment-37302\" class=\"wp-caption-text\">Destaca UV el papel de la mujer en la sociedad<\/figcaption><\/figure>\n<p style=\"text-align: justify\">La Universidad Veracruzana de la Regi\u00f3n Poza Rica \u2013 Tuxpan conmemor\u00f3 el D\u00eda Internacional de la Muer, este viernes en la USBI con una serie de eventos que incluy\u00f3 la participaci\u00f3n de acad\u00e9mcias, investigadoras y artistas destacadas.<!--more--><\/p>\n<p style=\"text-align: justify\">Las actividades iniciaron con Conferencia Magistral \u201cLa Mujer en la conservaci\u00f3n del ambiente\u201d imprtida por B\u00e1rbara Hern\u00e1ndez Ram\u00edrez de la Fundaci\u00f3n Pedro y Elena Hern\u00e1ndez A.C. quien dijo que las mujeres son muy importantes e la conservaci\u00f3n del medio ambiente porque son las que educan a las nuevas generaciones<\/p>\n<p style=\"text-align: justify\">M\u00e1s tarde se instal\u00f3 el panel \u201cLa Mujer en el Arte, la Ciencia, la Empresa y las Letras\u201d en el que participaron la artista pl\u00e1stca Gabriela Peralta Rosales, la acad\u00e9mica e investigadora Karla Rom\u00e1n Maga\u00f1a, la empresaria editorial<br \/>\nSilvia Buis Gibb. La mesa fue moderada por Patricia Berl\u00edn Mendoza<\/p>\n<p style=\"text-align: justify\">Despu\u00e9s se realiz\u00f3 la Inauguraci\u00f3n de la exposici\u00f3n de la obra pl\u00e1stica de Gabriela Peralta \u201cDe Poza Rica a Nueva York veinte a\u00f1os de trayectoria art\u00edstica\u201d.<\/p>\n\n","protected":false},"excerpt":{"rendered":"<p>Visitas: 0La Universidad Veracruzana de la Regi\u00f3n Poza Rica \u2013 Tuxpan conmemor\u00f3 el D\u00eda Internacional de la Muer, este viernes en la USBI con una serie de eventos que incluy\u00f3 la participaci\u00f3n de acad\u00e9mcias, investigadoras y artistas destacadas.<\/p>\n","protected":false},"author":2,"featured_media":0,"comment_status":"open","ping_status":"open","sticky":false,"template":"","format":"standard","meta":{"footnotes":""},"categories":[213],"tags":[],"class_list":{"0":"post-169413","1":"post","2":"type-post","3":"status-publish","4":"format-standard","6":"category-poza-rica"},"nelio_content":{"isAutoShareEnabled":true,"autoShareEndMode":"never","automationSources":{"useCustomSentences":false,"customSentences":[]},"followers":[],"suggestedReferences":[],"efiUrl":"","efiAlt":"","highlights":[],"permalinkQueryArgs":[],"series":[]},"_links":{"self":[{"href":"https:\/\/www.enteratever.com\/2023\/wp-json\/wp\/v2\/posts\/169413","targetHints":{"allow":["GET"]}}],"collection":[{"href":"https:\/\/www.enteratever.com\/2023\/wp-json\/wp\/v2\/posts"}],"about":[{"href":"https:\/\/www.enteratever.com\/2023\/wp-json\/wp\/v2\/types\/post"}],"author":[{"embeddable":true,"href":"https:\/\/www.enteratever.com\/2023\/wp-json\/wp\/v2\/users\/2"}],"replies":[{"embeddable":true,"href":"https:\/\/www.enteratever.com\/2023\/wp-json\/wp\/v2\/comments?post=169413"}],"version-history":[{"count":0,"href":"https:\/\/www.enteratever.com\/2023\/wp-json\/wp\/v2\/posts\/169413\/revisions"}],"wp:attachment":[{"href":"https:\/\/www.enteratever.com\/2023\/wp-json\/wp\/v2\/media?parent=169413"}],"wp:term":[{"taxonomy":"category","embeddable":true,"href":"https:\/\/www.enteratever.com\/2023\/wp-json\/wp\/v2\/categories?post=169413"},{"taxonomy":"post_tag","embeddable":true,"href":"https:\/\/www.enteratever.com\/2023\/wp-json\/wp\/v2\/tags?post=169413"}],"curies":[{"name":"wp","href":"https:\/\/api.w.org\/{rel}","templated":true}]}}