{"id":169411,"date":"2014-03-08T02:51:20","date_gmt":"2014-03-08T02:51:20","guid":{"rendered":"https:\/\/www.enteratever.com\/2023\/de-poza-rica-a-nueva-york\/"},"modified":"2014-03-08T02:51:20","modified_gmt":"2014-03-08T02:51:20","slug":"de-poza-rica-a-nueva-york","status":"publish","type":"post","link":"https:\/\/www.enteratever.com\/2023\/2014\/03\/08\/de-poza-rica-a-nueva-york\/","title":{"rendered":"De Poza Rica a Nueva York"},"content":{"rendered":"<p>Visitas: 0<\/p><div dir=\"ltr\" style=\"text-align: justify\">\n<figure id=\"attachment_37287\" aria-describedby=\"caption-attachment-37287\" style=\"width: 660px\" class=\"wp-caption aligncenter\"><a href=\"http:\/\/www.enteratever.com\/wp-content\/uploads\/2014\/03\/IMG_3059.jpg\"><img loading=\"lazy\" decoding=\"async\" class=\"size-full wp-image-37287\" alt=\"De Poza Rica a Nueva York\" src=\"http:\/\/www.enteratever.com\/wp-content\/uploads\/2014\/03\/IMG_3059.jpg\" width=\"660\" height=\"440\" \/><\/a><figcaption id=\"caption-attachment-37287\" class=\"wp-caption-text\">De Poza Rica a Nueva York<\/figcaption><\/figure>\n<p>Por: Jazm\u00edn Morales Silva.<\/p>\n<\/div>\n<div dir=\"ltr\" style=\"text-align: justify\"><\/div>\n<div dir=\"ltr\" style=\"text-align: justify\">Se inaugur\u00f3 la exposici\u00f3n de la obra pl\u00e1stica \u201cDe Poza Rica a Nueva York 20 a\u00f1os de trayectoria\u201d de Gabriela \u00a0Peralta este viernes en las instalaciones de la USBI de Poza Rica, \u201cNo he dejado ni un s\u00f3lo momento de tener participaci\u00f3n, presencia y sobre todo mucho trabajo en el arte.\u201d manifest\u00f3 Gabriela.<!--more--><\/div>\n<div dir=\"ltr\">\n<p style=\"text-align: justify\">En esta exposici\u00f3n se muestra el esp\u00edritu de la naturaleza, a pesar de que la serie en la observaci\u00f3n no es realista esta mas inclinada a la experimentaci\u00f3n del color, los materiales que se usan son acr\u00edlico y carb\u00f3n pero en pocas, afirm\u00f3.<\/p>\n<p style=\"text-align: justify\">\u201cEs un mundo muy competido ya que el arte no es un art\u00edculo de primera necesidad, me ha tocado \u00a0picar piedra durante 20 a\u00f1os es una gran oportunidad de trascender el mercado, hay muchos apoyos lo que es dif\u00edcil es que la gente no tiene una conciencia o no hay dinero ya que somos un pa\u00eds tercermundistas si la pueden valorar pero no la pueden adquirir, en Europa, en otros pa\u00edses he tenido exposiciones pero han sido a nivel cultural, ahorita ya es comercial, que era lo que yo quer\u00eda hacer\u201d agreg\u00f3.<\/p>\n<p style=\"text-align: justify\">As\u00ed mismo mencion\u00f3 que la expo venta genera el recurso que necesita para poder vivir del arte, ya que pr\u00f3ximamente estar\u00e1 trabajando en una firma que se llama Agra galer\u00eda en Nueva York, y que empieza\u00a0 una nueva etapa en su carrera a partir de abril.<\/p>\n<p style=\"text-align: justify\">Se\u00f1al\u00f3 que esa \u00a0oportunidad se dio por los medios electr\u00f3nicos, ya que existen cazadores de talentos, quienes rastrean el producto que les interesa y a partir de eso surge la propuesta el a\u00f1o pasado, \u201cme mandan la informaci\u00f3n y en qu\u00e9 consiste la participaci\u00f3n, tomo la decisi\u00f3n de ser parte de esa firma, ya solo falta el contrato y lo jur\u00eddico que ser\u00e1 por un a\u00f1o promoviendo mi trabajo con ellos. \u201c<\/p>\n<p style=\"text-align: justify\">Recalc\u00f3 hay muchos artistas pero poca estimulaci\u00f3n, y a ella como mujer le ha costado trabajo ya que los conocedores de arte s\u00e9 inclinan m\u00e1s por las propuestas de los hombre, y mencion\u00f3 que hace falta m\u00e1s oportunidades creer mas en las mujeres.<\/p>\n<p style=\"text-align: justify\">\u00a0Gabriela peralta no descarta la idea de trabajar en un mural en relaci\u00f3n a la vainilla ya que afirma es otra de sus facetas.<\/p>\n<\/div>\n","protected":false},"excerpt":{"rendered":"<p>Visitas: 0 Por: Jazm\u00edn Morales Silva. Se inaugur\u00f3 la exposici\u00f3n de la obra pl\u00e1stica \u201cDe Poza Rica a Nueva York 20 a\u00f1os de trayectoria\u201d de Gabriela \u00a0Peralta este viernes en las instalaciones de la USBI de Poza Rica, \u201cNo he dejado ni un s\u00f3lo momento de tener participaci\u00f3n, presencia y sobre todo mucho trabajo en [&hellip;]<\/p>\n","protected":false},"author":2,"featured_media":0,"comment_status":"open","ping_status":"open","sticky":false,"template":"","format":"standard","meta":{"footnotes":""},"categories":[299,213],"tags":[],"class_list":{"0":"post-169411","1":"post","2":"type-post","3":"status-publish","4":"format-standard","6":"category-notas-locales","7":"category-poza-rica"},"nelio_content":{"isAutoShareEnabled":true,"autoShareEndMode":"never","automationSources":{"useCustomSentences":false,"customSentences":[]},"followers":[],"suggestedReferences":[],"efiUrl":"","efiAlt":"","highlights":[],"permalinkQueryArgs":[],"series":[]},"_links":{"self":[{"href":"https:\/\/www.enteratever.com\/2023\/wp-json\/wp\/v2\/posts\/169411","targetHints":{"allow":["GET"]}}],"collection":[{"href":"https:\/\/www.enteratever.com\/2023\/wp-json\/wp\/v2\/posts"}],"about":[{"href":"https:\/\/www.enteratever.com\/2023\/wp-json\/wp\/v2\/types\/post"}],"author":[{"embeddable":true,"href":"https:\/\/www.enteratever.com\/2023\/wp-json\/wp\/v2\/users\/2"}],"replies":[{"embeddable":true,"href":"https:\/\/www.enteratever.com\/2023\/wp-json\/wp\/v2\/comments?post=169411"}],"version-history":[{"count":0,"href":"https:\/\/www.enteratever.com\/2023\/wp-json\/wp\/v2\/posts\/169411\/revisions"}],"wp:attachment":[{"href":"https:\/\/www.enteratever.com\/2023\/wp-json\/wp\/v2\/media?parent=169411"}],"wp:term":[{"taxonomy":"category","embeddable":true,"href":"https:\/\/www.enteratever.com\/2023\/wp-json\/wp\/v2\/categories?post=169411"},{"taxonomy":"post_tag","embeddable":true,"href":"https:\/\/www.enteratever.com\/2023\/wp-json\/wp\/v2\/tags?post=169411"}],"curies":[{"name":"wp","href":"https:\/\/api.w.org\/{rel}","templated":true}]}}