{"id":169409,"date":"2014-03-08T01:00:39","date_gmt":"2014-03-08T01:00:39","guid":{"rendered":"https:\/\/www.enteratever.com\/2023\/revision-a-fondo-de-carros-alegoricos\/"},"modified":"2014-03-08T01:00:39","modified_gmt":"2014-03-08T01:00:39","slug":"revision-a-fondo-de-carros-alegoricos","status":"publish","type":"post","link":"https:\/\/www.enteratever.com\/2023\/2014\/03\/08\/revision-a-fondo-de-carros-alegoricos\/","title":{"rendered":"Revisi\u00f3n a fondo de carros aleg\u00f3ricos"},"content":{"rendered":"<p>Visitas: 0<\/p><figure id=\"attachment_37273\" aria-describedby=\"caption-attachment-37273\" style=\"width: 660px\" class=\"wp-caption aligncenter\"><a href=\"http:\/\/www.enteratever.com\/wp-content\/uploads\/2014\/03\/PC-1.jpg\"><img loading=\"lazy\" decoding=\"async\" class=\"size-full wp-image-37273\" alt=\"Revisi\u00f3n a fondo de carros aleg\u00f3ricos\" src=\"http:\/\/www.enteratever.com\/wp-content\/uploads\/2014\/03\/PC-1.jpg\" width=\"660\" height=\"428\" \/><\/a><figcaption id=\"caption-attachment-37273\" class=\"wp-caption-text\">Revisi\u00f3n a fondo de carros aleg\u00f3ricos<\/figcaption><\/figure>\n<p style=\"text-align: justify\">Durante los desfiles del 18 de marzo para conmemorar la Expropiaci\u00f3n Petrolera el director de Protecci\u00f3n Civil Marcelo Rivas Trujillo, anunci\u00f3 que est\u00e1 garantizada la seguridad de todas las personas que asistir\u00e1n a los eventos, lo anterior luego de sostener una reuni\u00f3n de log\u00edstica con integrantes del cabildo.<!--more--><\/p>\n<p style=\"text-align: justify\">Mencion\u00f3 que las instrucciones del presidente municipal Sergio Lorenzo Quiroz Cruz, fueron precisas en el sentido de garantizar la seguridad en todos los rubros en ambos eventos, para lo cual se contar\u00e1 con el apoyo de todas las corporaciones de seguridad en el municipio.<\/p>\n<p style=\"text-align: justify\">Se\u00f1al\u00f3 que a lo largo del recorrido que tendr\u00e1n los dos desfiles habr\u00e1 puestos de auxilio por parte de la Cruz Roja y al mismo tiempo de protecci\u00f3n civil, y se contar\u00e1 con los elementos necesarios y polic\u00eda montada para resguardar a toda la poblaci\u00f3n.<\/p>\n<p style=\"text-align: justify\">Inform\u00f3 que despu\u00e9s de la reuni\u00f3n sostenida la ma\u00f1ana de este viernes, realizar\u00e1n al menos dos m\u00e1s previas al 18 de marzo para cuidar hasta el m\u00e1s m\u00ednimo detalle para que no se ponga en riesgo la integridad f\u00edsica de las personas.<\/p>\n<p style=\"text-align: justify\">Por otra lado hasta ayer se ten\u00edan registrados 80 carros aleg\u00f3ricos que participar\u00e1n en el desfile vespertino, los cuales ser\u00e1n revisados exhaustivamente para garantizar que todos re\u00fanan las condiciones necesarias de seguridad, en las plataformas que utilizan; sobre todo aquellas unidades que llevaran ni\u00f1os.<\/p>\n<p style=\"text-align: justify\">Veh\u00edculo que no re\u00fana las condiciones no se le permitir\u00e1 participar porque la instrucci\u00f3n del alcalde Sergio Lorenzo Quiroz Cruz, es que se proteja no solo a los asistentes, sino tambi\u00e9n a quienes participar\u00e1n en la justa.<\/p>\n","protected":false},"excerpt":{"rendered":"<p>Visitas: 0Durante los desfiles del 18 de marzo para conmemorar la Expropiaci\u00f3n Petrolera el director de Protecci\u00f3n Civil Marcelo Rivas Trujillo, anunci\u00f3 que est\u00e1 garantizada la seguridad de todas las personas que asistir\u00e1n a los eventos, lo anterior luego de sostener una reuni\u00f3n de log\u00edstica con integrantes del cabildo.<\/p>\n","protected":false},"author":2,"featured_media":0,"comment_status":"open","ping_status":"open","sticky":false,"template":"","format":"standard","meta":{"footnotes":""},"categories":[213],"tags":[],"class_list":{"0":"post-169409","1":"post","2":"type-post","3":"status-publish","4":"format-standard","6":"category-poza-rica"},"nelio_content":{"isAutoShareEnabled":true,"autoShareEndMode":"never","automationSources":{"useCustomSentences":false,"customSentences":[]},"followers":[],"suggestedReferences":[],"efiUrl":"","efiAlt":"","highlights":[],"permalinkQueryArgs":[],"series":[]},"_links":{"self":[{"href":"https:\/\/www.enteratever.com\/2023\/wp-json\/wp\/v2\/posts\/169409","targetHints":{"allow":["GET"]}}],"collection":[{"href":"https:\/\/www.enteratever.com\/2023\/wp-json\/wp\/v2\/posts"}],"about":[{"href":"https:\/\/www.enteratever.com\/2023\/wp-json\/wp\/v2\/types\/post"}],"author":[{"embeddable":true,"href":"https:\/\/www.enteratever.com\/2023\/wp-json\/wp\/v2\/users\/2"}],"replies":[{"embeddable":true,"href":"https:\/\/www.enteratever.com\/2023\/wp-json\/wp\/v2\/comments?post=169409"}],"version-history":[{"count":0,"href":"https:\/\/www.enteratever.com\/2023\/wp-json\/wp\/v2\/posts\/169409\/revisions"}],"wp:attachment":[{"href":"https:\/\/www.enteratever.com\/2023\/wp-json\/wp\/v2\/media?parent=169409"}],"wp:term":[{"taxonomy":"category","embeddable":true,"href":"https:\/\/www.enteratever.com\/2023\/wp-json\/wp\/v2\/categories?post=169409"},{"taxonomy":"post_tag","embeddable":true,"href":"https:\/\/www.enteratever.com\/2023\/wp-json\/wp\/v2\/tags?post=169409"}],"curies":[{"name":"wp","href":"https:\/\/api.w.org\/{rel}","templated":true}]}}