{"id":169404,"date":"2014-03-07T01:18:35","date_gmt":"2014-03-07T01:18:35","guid":{"rendered":"https:\/\/www.enteratever.com\/2023\/miguelito-recibe-ayuda-del-dif-poza-rica\/"},"modified":"2014-03-07T01:18:35","modified_gmt":"2014-03-07T01:18:35","slug":"miguelito-recibe-ayuda-del-dif-poza-rica","status":"publish","type":"post","link":"https:\/\/www.enteratever.com\/2023\/2014\/03\/07\/miguelito-recibe-ayuda-del-dif-poza-rica\/","title":{"rendered":"Miguelito recibe ayuda del DIF Poza Rica"},"content":{"rendered":"<p>Visitas: 0<\/p><figure id=\"attachment_37117\" aria-describedby=\"caption-attachment-37117\" style=\"width: 660px\" class=\"wp-caption aligncenter\"><a href=\"http:\/\/www.enteratever.com\/wp-content\/uploads\/2014\/03\/IMG_6476.jpg\"><img loading=\"lazy\" decoding=\"async\" class=\"size-full wp-image-37117\" alt=\"Miguelito recibe ayuda del DIF Poza Rica\" src=\"http:\/\/www.enteratever.com\/wp-content\/uploads\/2014\/03\/IMG_6476.jpg\" width=\"660\" height=\"440\" \/><\/a><figcaption id=\"caption-attachment-37117\" class=\"wp-caption-text\">Miguelito recibe ayuda del DIF Poza Rica<\/figcaption><\/figure>\n<p style=\"text-align: justify\">En la humildad de su hogar, de la calle 16 de Septiembre en Sector Quebradora, Miguel Eusebio Eugenio recibi\u00f3 oficialmente la certeza jur\u00eddica de su identidad, gracias a la intervenci\u00f3n de la presidenta del sistema Municipal DIF, Araceli S\u00e1nchez de Quiroz, comprometida con las familias pozarricenses, atendiendo a este joven de 28 a\u00f1os de edad que padece par\u00e1lisis cerebral.<!--more--><\/p>\n<p style=\"text-align: justify\">En un hogar prestado donde se envuelve de pobreza, con techo de l\u00e1mina, paredes de madera y piso de tierra, Miguelito percibe su realidad ante la ausencia de unos padres, tras 28 a\u00f1os de vida, aunque cuenta con el apoyo de su hermana Mar\u00eda.<\/p>\n<p style=\"text-align: justify\">Su madre, Do\u00f1a Natalia Eugenio luch\u00f3 por su hijo mas peque\u00f1o, nunca pudo registrarle y ese fue uno de sus pendientes cuando perdi\u00f3 su lucha contra la diabetes. Miguelito no puede hablar, apenas y con sus expresiones y ligeros gemidos da a entender su alegr\u00eda o su dolor.<\/p>\n<figure id=\"attachment_37116\" aria-describedby=\"caption-attachment-37116\" style=\"width: 660px\" class=\"wp-caption aligncenter\"><a href=\"http:\/\/www.enteratever.com\/wp-content\/uploads\/2014\/03\/IMG_6465.jpg\"><img loading=\"lazy\" decoding=\"async\" class=\"size-full wp-image-37116\" alt=\"Miguelito recibe ayuda del DIF Poza Rica\" src=\"http:\/\/www.enteratever.com\/wp-content\/uploads\/2014\/03\/IMG_6465.jpg\" width=\"660\" height=\"440\" \/><\/a><figcaption id=\"caption-attachment-37116\" class=\"wp-caption-text\">Miguelito recibe ayuda del DIF Poza Rica<\/figcaption><\/figure>\n<p style=\"text-align: justify\">Este jueves se logr\u00f3 por fin que Miguel Eusebio Eugenio cuente con su acta de nacimiento. Mar\u00eda, su hermana, manifest\u00f3 su agradecimiento a la profesora Araceli S\u00e1nchez de Quiroz, por su sensibilidad humana, quien acudi\u00f3 personalmente a la colonia Sector Quebradora para conocer a fondo las necesidades m\u00e1s apremiantes del joven.<\/p>\n<p style=\"text-align: justify\">Araceli S\u00e1nchez de Quiroz, en su compromiso moral y social, atendi\u00f3 y resolvi\u00f3 de forma inmediata que se vigilar\u00e1 porque Miguelito reciba atenci\u00f3n de salud, as\u00ed de proveer de despensa, pa\u00f1ales y otros art\u00edculos para su confort.<\/p>\n<p style=\"text-align: justify\">La presidenta del DIF Municipal estuvo acompa\u00f1ada de la Oficial Mayor del Registro Civil de Poza Rica, Graciela Patricia Berl\u00edn Mendoza, para que Miguel colocara la huella dactilar al acta de nacimiento, con ello se gestionar\u00e1 ante otras instituciones para proporcionarle calidad de vida, principalmente por su salud.<\/p>\n","protected":false},"excerpt":{"rendered":"<p>Visitas: 0En la humildad de su hogar, de la calle 16 de Septiembre en Sector Quebradora, Miguel Eusebio Eugenio recibi\u00f3 oficialmente la certeza jur\u00eddica de su identidad, gracias a la intervenci\u00f3n de la presidenta del sistema Municipal DIF, Araceli S\u00e1nchez de Quiroz, comprometida con las familias pozarricenses, atendiendo a este joven de 28 a\u00f1os de [&hellip;]<\/p>\n","protected":false},"author":2,"featured_media":0,"comment_status":"open","ping_status":"open","sticky":false,"template":"","format":"standard","meta":{"footnotes":""},"categories":[213],"tags":[],"class_list":{"0":"post-169404","1":"post","2":"type-post","3":"status-publish","4":"format-standard","6":"category-poza-rica"},"nelio_content":{"isAutoShareEnabled":true,"autoShareEndMode":"never","automationSources":{"useCustomSentences":false,"customSentences":[]},"followers":[],"suggestedReferences":[],"efiUrl":"","efiAlt":"","highlights":[],"permalinkQueryArgs":[],"series":[]},"_links":{"self":[{"href":"https:\/\/www.enteratever.com\/2023\/wp-json\/wp\/v2\/posts\/169404","targetHints":{"allow":["GET"]}}],"collection":[{"href":"https:\/\/www.enteratever.com\/2023\/wp-json\/wp\/v2\/posts"}],"about":[{"href":"https:\/\/www.enteratever.com\/2023\/wp-json\/wp\/v2\/types\/post"}],"author":[{"embeddable":true,"href":"https:\/\/www.enteratever.com\/2023\/wp-json\/wp\/v2\/users\/2"}],"replies":[{"embeddable":true,"href":"https:\/\/www.enteratever.com\/2023\/wp-json\/wp\/v2\/comments?post=169404"}],"version-history":[{"count":0,"href":"https:\/\/www.enteratever.com\/2023\/wp-json\/wp\/v2\/posts\/169404\/revisions"}],"wp:attachment":[{"href":"https:\/\/www.enteratever.com\/2023\/wp-json\/wp\/v2\/media?parent=169404"}],"wp:term":[{"taxonomy":"category","embeddable":true,"href":"https:\/\/www.enteratever.com\/2023\/wp-json\/wp\/v2\/categories?post=169404"},{"taxonomy":"post_tag","embeddable":true,"href":"https:\/\/www.enteratever.com\/2023\/wp-json\/wp\/v2\/tags?post=169404"}],"curies":[{"name":"wp","href":"https:\/\/api.w.org\/{rel}","templated":true}]}}