{"id":169395,"date":"2014-03-06T14:31:27","date_gmt":"2014-03-06T14:31:27","guid":{"rendered":"https:\/\/www.enteratever.com\/2023\/pemex-no-es-la-unica-fuente-de-empleo-en-poza-rica\/"},"modified":"2014-03-06T14:31:27","modified_gmt":"2014-03-06T14:31:27","slug":"pemex-no-es-la-unica-fuente-de-empleo-en-poza-rica","status":"publish","type":"post","link":"https:\/\/www.enteratever.com\/2023\/2014\/03\/06\/pemex-no-es-la-unica-fuente-de-empleo-en-poza-rica\/","title":{"rendered":"Pemex no es la \u00fanica fuente de empleo en Poza Rica"},"content":{"rendered":"<p>Visitas: 2<\/p><figure id=\"attachment_36881\" aria-describedby=\"caption-attachment-36881\" style=\"width: 659px\" class=\"wp-caption aligncenter\"><a href=\"http:\/\/www.enteratever.com\/wp-content\/uploads\/2014\/03\/CANACINTRA.jpg\"><img loading=\"lazy\" decoding=\"async\" class=\"size-full wp-image-36881\" alt=\"Pemex no es la \u00fanica fuente de empleo en Poza Rica\" src=\"http:\/\/www.enteratever.com\/wp-content\/uploads\/2014\/03\/CANACINTRA.jpg\" width=\"659\" height=\"369\" \/><\/a><figcaption id=\"caption-attachment-36881\" class=\"wp-caption-text\">Pemex no es la \u00fanica fuente de empleo en Poza Rica. Foto: Archivo<\/figcaption><\/figure>\n<p style=\"text-align: justify\">Por: <strong>Jazm\u00edn Morales<\/strong><\/p>\n<p style=\"text-align: justify\">Pemex no es la \u00fanica fuente de empleo en Poza Rica, existen otros campos que no han sido explotados, es s\u00f3lo voltear a ver otras opciones, mencion\u00f3 Alafita Ram\u00edrez, presidente de CANACINTRA.<!--more--><\/p>\n<p style=\"text-align: justify\">El motivo de la baja de empleos es porque hay una restructuraci\u00f3n econ\u00f3mica, sabemos que si va haber actividad petrolera en un futuro no muy pr\u00f3ximo esto se basa en los contratos nuevos que trae la reforma energ\u00e9tica con Pemex, manifest\u00f3.<\/p>\n<p style=\"text-align: justify\">\u201cDespretrolizar la ciudad es un tema que se tiene que abordar tenemos que voltear a ver otras econom\u00edas como el sector primario que no ha sido promocionado o atacado el campo es un nuevo paradigma para la regi\u00f3n, CANACINTRA es una parte importante de la ciudad igual que otras c\u00e1maras empresariales\u201d.<\/p>\n<p style=\"text-align: justify\">Recalc\u00f3 que es muy importante el sector empresarial \u00a0se sume al esfuerzo que hace la secretaria de trabajo y prevenci\u00f3n social, para darnos una ventana de oportunidad nosotros hacia los buscadores de empleo que es lo que se tiene que fortalecer por la econom\u00eda de la ciudad, invirtiendo m\u00e1s y eso\u00a0 obviamente genera empleo y eso de alguna manera se abaten los \u00edndices de seguridad tambi\u00e9n.<\/p>\n<p style=\"text-align: justify\">As\u00ed mismo se pretende es impulsar el que los empresarios nuevos que est\u00e1n en el r\u00e9gimen de incorporaci\u00f3n tengan un acercamiento a las c\u00e1maras empresariales es por ello que se firm\u00f3 el pasado lunes 03 el acuerdo de colaboraci\u00f3n con el SAT\u00a0 para asesorar y orientar a todas aquellas empresas que no tienen los medios suficiente para que tengan de primera mano la informaci\u00f3n, hay empresarios que desconocen los mecanismos.<\/p>\n<p style=\"text-align: justify\">Tambi\u00e9n se recalc\u00f3 que la reforma energ\u00e9tica principalmente van a centralizar la procuraci\u00f3n y adquisici\u00f3n de bienes ya no se van a depender de cada su subsidiario, lo que quiere Pemex es manejarse como una empresa y no como una para estatal publica, esto no significa que deja de ser de los mexicanos por el contrario lo que quieren es que la inversi\u00f3n privada fortalezca a toda la producci\u00f3n de lo que es Pemex .<\/p>\n<p style=\"text-align: justify\">En el congreso con el Secretario Pedro Joaqu\u00edn Powell junto y con el Director de Pemex Emilio Lozoya donde se habl\u00f3 sobre la inversi\u00f3n que se viene para Pemex, y se espera que esta regi\u00f3n petrolera sea considerada dentro de las estrategias, el programa de desarrollo de proveedores de ocupe a los locales que participen en esa econom\u00eda estamos en esa tarea.<\/p>\n","protected":false},"excerpt":{"rendered":"<p>Visitas: 2Por: Jazm\u00edn Morales Pemex no es la \u00fanica fuente de empleo en Poza Rica, existen otros campos que no han sido explotados, es s\u00f3lo voltear a ver otras opciones, mencion\u00f3 Alafita Ram\u00edrez, presidente de CANACINTRA.<\/p>\n","protected":false},"author":2,"featured_media":0,"comment_status":"open","ping_status":"open","sticky":false,"template":"","format":"standard","meta":{"footnotes":""},"categories":[213],"tags":[],"class_list":{"0":"post-169395","1":"post","2":"type-post","3":"status-publish","4":"format-standard","6":"category-poza-rica"},"nelio_content":{"isAutoShareEnabled":true,"autoShareEndMode":"never","automationSources":{"useCustomSentences":false,"customSentences":[]},"followers":[],"suggestedReferences":[],"efiUrl":"","efiAlt":"","highlights":[],"permalinkQueryArgs":[],"series":[]},"_links":{"self":[{"href":"https:\/\/www.enteratever.com\/2023\/wp-json\/wp\/v2\/posts\/169395","targetHints":{"allow":["GET"]}}],"collection":[{"href":"https:\/\/www.enteratever.com\/2023\/wp-json\/wp\/v2\/posts"}],"about":[{"href":"https:\/\/www.enteratever.com\/2023\/wp-json\/wp\/v2\/types\/post"}],"author":[{"embeddable":true,"href":"https:\/\/www.enteratever.com\/2023\/wp-json\/wp\/v2\/users\/2"}],"replies":[{"embeddable":true,"href":"https:\/\/www.enteratever.com\/2023\/wp-json\/wp\/v2\/comments?post=169395"}],"version-history":[{"count":0,"href":"https:\/\/www.enteratever.com\/2023\/wp-json\/wp\/v2\/posts\/169395\/revisions"}],"wp:attachment":[{"href":"https:\/\/www.enteratever.com\/2023\/wp-json\/wp\/v2\/media?parent=169395"}],"wp:term":[{"taxonomy":"category","embeddable":true,"href":"https:\/\/www.enteratever.com\/2023\/wp-json\/wp\/v2\/categories?post=169395"},{"taxonomy":"post_tag","embeddable":true,"href":"https:\/\/www.enteratever.com\/2023\/wp-json\/wp\/v2\/tags?post=169395"}],"curies":[{"name":"wp","href":"https:\/\/api.w.org\/{rel}","templated":true}]}}