{"id":169394,"date":"2014-03-06T14:24:58","date_gmt":"2014-03-06T14:24:58","guid":{"rendered":"https:\/\/www.enteratever.com\/2023\/cerraran-una-parte-del-bulevar-lazaro-cardenas\/"},"modified":"2014-03-06T14:24:58","modified_gmt":"2014-03-06T14:24:58","slug":"cerraran-una-parte-del-bulevar-lazaro-cardenas","status":"publish","type":"post","link":"https:\/\/www.enteratever.com\/2023\/2014\/03\/06\/cerraran-una-parte-del-bulevar-lazaro-cardenas\/","title":{"rendered":"Cerrar\u00e1n una parte del bulevar L\u00e1zaro C\u00e1rdenas"},"content":{"rendered":"<p>Visitas: 0<\/p><figure id=\"attachment_36878\" aria-describedby=\"caption-attachment-36878\" style=\"width: 771px\" class=\"wp-caption aligncenter\"><a href=\"http:\/\/www.enteratever.com\/wp-content\/uploads\/2014\/03\/IMG_0071-FILEminimizer1.jpg\"><img loading=\"lazy\" decoding=\"async\" class=\"size-full wp-image-36878\" alt=\"Cerrar\u00e1n una parte del bulevar L\u00e1zaro C\u00e1rdenas\" src=\"http:\/\/www.enteratever.com\/wp-content\/uploads\/2014\/03\/IMG_0071-FILEminimizer1.jpg\" width=\"771\" height=\"586\" \/><\/a><figcaption id=\"caption-attachment-36878\" class=\"wp-caption-text\">Cerrar\u00e1n una parte del bulevar L\u00e1zaro C\u00e1rdenas<\/figcaption><\/figure>\n<p style=\"text-align: justify\">A partir de hoy y hasta el 16 de marzo permanecer\u00e1 cerrado una parte del bulevar L\u00e1zaro C\u00e1rdenas debido a los trabajos de construcci\u00f3n del distribuidor vial, as\u00ed lo inform\u00f3 el regidor de tr\u00e1nsito y vialidad Francisco Cazares Echeverr\u00eda.<!--more--><\/p>\n<p style=\"text-align: justify\">El primer tramo corresponde de la calle Central Norte a la altura de la cadena comercial Fierros y L\u00e1minas, a desembocar a la esquina donde se ubica la tienda comercial Coppel. Al mismo tiempo quedara cerrado una parte del bulevar L\u00e1zaro C\u00e1rdenas, a partir de la tienda Coppel y hasta la entrada de donde se ubica la empresa Teller\u00eda.<\/p>\n<p style=\"text-align: justify\">El edil solicit\u00f3 la comprensi\u00f3n de la ciudadan\u00eda y sobre todo de los automovilistas porque reconoci\u00f3 generaran problemas y molestias durante los pr\u00f3ximos d\u00edas, pero se\u00f1al\u00f3 que es algo que lamentablemente se requiere para poder avanzar con la obra del distribuidor vial mismo que se estima debe quedar concluido en el mes de agosto.<\/p>\n<p style=\"text-align: justify\">Durante los d\u00edas que permanecer\u00e1n cerradas estas v\u00edas personal de la empresa Petr\u00f3leos Mexicanos estar\u00e1n apoyando las labores de vialidad, ya que actualmente es de todos conocido que la delegaci\u00f3n de tr\u00e1nsito apenas y cuenta con 3 elementos activos.<\/p>\n<p style=\"text-align: justify\">Reiter\u00f3 que el compromiso con Petr\u00f3leos Mexicanos y le empresa SIGMA es que despu\u00e9s del 16 deber\u00e1n abrirse esas vialidades a la circulaci\u00f3n, al igual que el bulevar Gonz\u00e1lez Ortega, para evitar mayores problemas durante los festejos de las Fiestas del Petr\u00f3leo y la Cumbre Taj\u00edn.<\/p>\n<p style=\"text-align: justify\">Por otro lado el regidor Francisco Cazares Echeverr\u00eda aprovech\u00f3 la ocasi\u00f3n para invitar a los j\u00f3venes de entre 18 a 35 a\u00f1os que se interesen por ingresar a laborar como agente de tr\u00e1nsito, acudan ante la delegaci\u00f3n local o en su caso a la regidur\u00eda a su cargo para que presenten su papeler\u00eda correspondiente.<\/p>\n<p style=\"text-align: justify\">Lo anterior ante la necesidad que se tienen de contar con un mayor n\u00famero de elementos que permitan cubrir las demandas de vialidad que se requieren en el municipio.<\/p>\n","protected":false},"excerpt":{"rendered":"<p>Visitas: 0A partir de hoy y hasta el 16 de marzo permanecer\u00e1 cerrado una parte del bulevar L\u00e1zaro C\u00e1rdenas debido a los trabajos de construcci\u00f3n del distribuidor vial, as\u00ed lo inform\u00f3 el regidor de tr\u00e1nsito y vialidad Francisco Cazares Echeverr\u00eda.<\/p>\n","protected":false},"author":2,"featured_media":0,"comment_status":"open","ping_status":"open","sticky":false,"template":"","format":"standard","meta":{"footnotes":""},"categories":[213],"tags":[],"class_list":{"0":"post-169394","1":"post","2":"type-post","3":"status-publish","4":"format-standard","6":"category-poza-rica"},"nelio_content":{"isAutoShareEnabled":true,"autoShareEndMode":"never","automationSources":{"useCustomSentences":false,"customSentences":[]},"followers":[],"suggestedReferences":[],"efiUrl":"","efiAlt":"","highlights":[],"permalinkQueryArgs":[],"series":[]},"_links":{"self":[{"href":"https:\/\/www.enteratever.com\/2023\/wp-json\/wp\/v2\/posts\/169394","targetHints":{"allow":["GET"]}}],"collection":[{"href":"https:\/\/www.enteratever.com\/2023\/wp-json\/wp\/v2\/posts"}],"about":[{"href":"https:\/\/www.enteratever.com\/2023\/wp-json\/wp\/v2\/types\/post"}],"author":[{"embeddable":true,"href":"https:\/\/www.enteratever.com\/2023\/wp-json\/wp\/v2\/users\/2"}],"replies":[{"embeddable":true,"href":"https:\/\/www.enteratever.com\/2023\/wp-json\/wp\/v2\/comments?post=169394"}],"version-history":[{"count":0,"href":"https:\/\/www.enteratever.com\/2023\/wp-json\/wp\/v2\/posts\/169394\/revisions"}],"wp:attachment":[{"href":"https:\/\/www.enteratever.com\/2023\/wp-json\/wp\/v2\/media?parent=169394"}],"wp:term":[{"taxonomy":"category","embeddable":true,"href":"https:\/\/www.enteratever.com\/2023\/wp-json\/wp\/v2\/categories?post=169394"},{"taxonomy":"post_tag","embeddable":true,"href":"https:\/\/www.enteratever.com\/2023\/wp-json\/wp\/v2\/tags?post=169394"}],"curies":[{"name":"wp","href":"https:\/\/api.w.org\/{rel}","templated":true}]}}