{"id":169393,"date":"2014-03-06T10:10:43","date_gmt":"2014-03-06T10:10:43","guid":{"rendered":"https:\/\/www.enteratever.com\/2023\/reconoce-sergio-lorenzo-quiroz-cruz-al-sector-productivo\/"},"modified":"2014-03-06T10:10:43","modified_gmt":"2014-03-06T10:10:43","slug":"reconoce-sergio-lorenzo-quiroz-cruz-al-sector-productivo","status":"publish","type":"post","link":"https:\/\/www.enteratever.com\/2023\/2014\/03\/06\/reconoce-sergio-lorenzo-quiroz-cruz-al-sector-productivo\/","title":{"rendered":"Reconoce Sergio Lorenzo Quiroz Cruz al sector productivo"},"content":{"rendered":"<p>Visitas: 4<\/p><figure id=\"attachment_36875\" aria-describedby=\"caption-attachment-36875\" style=\"width: 660px\" class=\"wp-caption aligncenter\"><a href=\"http:\/\/www.enteratever.com\/wp-content\/uploads\/2014\/03\/IMG_0071-FILEminimizer.jpg\"><img loading=\"lazy\" decoding=\"async\" class=\"size-full wp-image-36875\" alt=\"Reconoce Sergio Lorenzo Quiroz Cruz al sector productivo\" src=\"http:\/\/www.enteratever.com\/wp-content\/uploads\/2014\/03\/IMG_0071-FILEminimizer.jpg\" width=\"660\" height=\"440\" \/><\/a><figcaption id=\"caption-attachment-36875\" class=\"wp-caption-text\">Reconoce Sergio Lorenzo Quiroz Cruz al sector productivo<\/figcaption><\/figure>\n<p style=\"text-align: justify\">El presidente municipal Sergio Lorenzo Quiroz Cruz, hizo un reconocimiento p\u00fablico a los distintos sectores involucrados en la realizaci\u00f3n de la Feria del Empleo en Poza Rica, porque con su apoyo y esfuerzo hacen posible la oferta de m\u00e1s fuentes de trabajo en el municipio.<!--more--><\/p>\n<p style=\"text-align: justify\">Expres\u00f3 que se suman al esfuerzo que el gobierno federal y estatal vienen realizando a trav\u00e9s del presidente de la rep\u00fablica Enrique Pe\u00f1a Nieto y el gobernador de todos los veracruzanos, Javier Duarte de Ochoa.<\/p>\n<p style=\"text-align: justify\">Dijo que cualquier fuente de trabajo formal coadyuva a la recuperaci\u00f3n econ\u00f3mica y del tejido social de esta ciudad, pero sobre todo agradeci\u00f3 a los trabajadores que se dieron cita por su participaci\u00f3n de seguir el camino correcto por medio del trabajo honesto.<\/p>\n<p style=\"text-align: justify\">El Servicio Nacional del Empleo oferta en la Primera Feria un promedio de 500 vacantes y participaron 50 empresas, dijo en su mensaje de bienvenida la titular de la dependencia en Poza Rica, Irma Elena Moncada Garc\u00eda.<\/p>\n<p style=\"text-align: justify\">El presidente de la Canacintra \u00c1ngel Alafita Ram\u00edrez, manifest\u00f3 que para los empresarios el mayor inter\u00e9s es la creaci\u00f3n de la riqueza y contribuir a mejorar el nivel de vida de la poblaci\u00f3n como lo es la generaci\u00f3n de empleo.<\/p>\n<p style=\"text-align: justify\">Despu\u00e9s de cortar el list\u00f3n inaugural el presidente municipal acompa\u00f1ado de su esposa la presidenta del DIF, Araceli S\u00e1nchez de Quiroz, realizaron un recorrido por cada uno de los m\u00f3dulos que fueron instalados por las empresas participantes y saludaron personalmente a la poblaci\u00f3n que acudi\u00f3 a la Feria del Empleo.<\/p>\n<p style=\"text-align: justify\">En entrevista con los representantes de los medios de comunicaci\u00f3n el ejecutivo Sergio Lorenzo Quiroz Cruz, dio a conocer que no habr\u00e1 pr\u00f3rroga en el pago del impuesto predial y reconoci\u00f3 que actualmente bajo la afluencia de contribuyentes.<\/p>\n<p style=\"text-align: justify\">Coment\u00f3 que contin\u00faa el an\u00e1lisis del paquete de obras que se realizar\u00e1 en el presente a\u00f1o con la idea de dar prioridad a las que beneficien al mayor n\u00famero de familias sobre todo en las colonias populares, agreg\u00f3 el mun\u00edcipe.<\/p>\n<p style=\"text-align: justify\">En torno al proyecto de abastecer de agua potable a la ciudad tray\u00e9ndola del r\u00edo Tecolutla, dio a conocer que va por buen camino y hay inter\u00e9s de Petr\u00f3leos Mexicanos de que se aterrice porque es una necesidad no solo de la ciudadan\u00eda, sino tambi\u00e9n de la paraestatal.<\/p>\n<p style=\"text-align: justify\">Fuente: Comunicaci\u00f3n Social<\/p>\n","protected":false},"excerpt":{"rendered":"<p>Visitas: 4El presidente municipal Sergio Lorenzo Quiroz Cruz, hizo un reconocimiento p\u00fablico a los distintos sectores involucrados en la realizaci\u00f3n de la Feria del Empleo en Poza Rica, porque con su apoyo y esfuerzo hacen posible la oferta de m\u00e1s fuentes de trabajo en el municipio.<\/p>\n","protected":false},"author":2,"featured_media":0,"comment_status":"open","ping_status":"open","sticky":false,"template":"","format":"standard","meta":{"footnotes":""},"categories":[213],"tags":[],"class_list":{"0":"post-169393","1":"post","2":"type-post","3":"status-publish","4":"format-standard","6":"category-poza-rica"},"nelio_content":{"isAutoShareEnabled":true,"autoShareEndMode":"never","automationSources":{"useCustomSentences":false,"customSentences":[]},"followers":[],"suggestedReferences":[],"efiUrl":"","efiAlt":"","highlights":[],"permalinkQueryArgs":[],"series":[]},"_links":{"self":[{"href":"https:\/\/www.enteratever.com\/2023\/wp-json\/wp\/v2\/posts\/169393","targetHints":{"allow":["GET"]}}],"collection":[{"href":"https:\/\/www.enteratever.com\/2023\/wp-json\/wp\/v2\/posts"}],"about":[{"href":"https:\/\/www.enteratever.com\/2023\/wp-json\/wp\/v2\/types\/post"}],"author":[{"embeddable":true,"href":"https:\/\/www.enteratever.com\/2023\/wp-json\/wp\/v2\/users\/2"}],"replies":[{"embeddable":true,"href":"https:\/\/www.enteratever.com\/2023\/wp-json\/wp\/v2\/comments?post=169393"}],"version-history":[{"count":0,"href":"https:\/\/www.enteratever.com\/2023\/wp-json\/wp\/v2\/posts\/169393\/revisions"}],"wp:attachment":[{"href":"https:\/\/www.enteratever.com\/2023\/wp-json\/wp\/v2\/media?parent=169393"}],"wp:term":[{"taxonomy":"category","embeddable":true,"href":"https:\/\/www.enteratever.com\/2023\/wp-json\/wp\/v2\/categories?post=169393"},{"taxonomy":"post_tag","embeddable":true,"href":"https:\/\/www.enteratever.com\/2023\/wp-json\/wp\/v2\/tags?post=169393"}],"curies":[{"name":"wp","href":"https:\/\/api.w.org\/{rel}","templated":true}]}}