{"id":169390,"date":"2014-03-06T05:35:11","date_gmt":"2014-03-06T05:35:11","guid":{"rendered":"https:\/\/www.enteratever.com\/2023\/derecho-al-placer-sexual-de-la-mujer\/"},"modified":"2014-03-06T05:35:11","modified_gmt":"2014-03-06T05:35:11","slug":"derecho-al-placer-sexual-de-la-mujer","status":"publish","type":"post","link":"https:\/\/www.enteratever.com\/2023\/2014\/03\/06\/derecho-al-placer-sexual-de-la-mujer\/","title":{"rendered":"Derecho al Placer Sexual de la Mujer"},"content":{"rendered":"<p>Visitas: 0<\/p><div style=\"text-align: justify\">\n<figure id=\"attachment_36862\" aria-describedby=\"caption-attachment-36862\" style=\"width: 660px\" class=\"wp-caption aligncenter\"><a href=\"http:\/\/www.enteratever.com\/wp-content\/uploads\/2014\/03\/PLACERSEXUAL.jpg\"><img loading=\"lazy\" decoding=\"async\" class=\"size-full wp-image-36862\" alt=\"Derecho al Placer Sexual de la Mujer\" src=\"http:\/\/www.enteratever.com\/wp-content\/uploads\/2014\/03\/PLACERSEXUAL.jpg\" width=\"660\" height=\"440\" \/><\/a><figcaption id=\"caption-attachment-36862\" class=\"wp-caption-text\">Derecho al Placer Sexual de la Mujer<\/figcaption><\/figure>\n<p>La directora del DIF, Lupita Garc\u00eda V\u00e1zquez, anunci\u00f3 que ya se tiene listo el programa para conmemorar en Coatzintla el D\u00eda Internacional de la Mujer, con la conferencia \u201cDerecho al Placer Sexual de la Mujer\u201d que tendr\u00e1 lugar el 7 de marzo, en el auditorio del DIF municipal, a las 10:00 horas.<!--more--><\/div>\n<div style=\"text-align: justify\"><\/div>\n<div style=\"text-align: justify\">Ser\u00e1 impartido por la sex\u00f3loga Rossy Acu\u00f1a, quien hablar\u00e1 amplio, largo y \u00a0tendido sobre este y otros temas, siempre de manera sencilla y respetuosa, por lo que la invitaci\u00f3n est\u00e1 abierta al p\u00fablico en general, adem\u00e1s de que el acceso ser\u00e1 totalmente gratuito.<\/div>\n<div style=\"text-align: justify\"><\/div>\n<div style=\"text-align: justify\">Cabe mencionar que los d\u00edas 19 y 20 de marzo se realizar\u00e1 una jornada de estudios de mastograf\u00edas para mujeres mayores de 35 a\u00f1os con un costo de 390 pesos, previa cita en el DIF municipal. Las actividades empezar\u00e1n a las 9 de la ma\u00f1ana.<\/div>\n","protected":false},"excerpt":{"rendered":"<p>Visitas: 0 La directora del DIF, Lupita Garc\u00eda V\u00e1zquez, anunci\u00f3 que ya se tiene listo el programa para conmemorar en Coatzintla el D\u00eda Internacional de la Mujer, con la conferencia \u201cDerecho al Placer Sexual de la Mujer\u201d que tendr\u00e1 lugar el 7 de marzo, en el auditorio del DIF municipal, a las 10:00 horas.<\/p>\n","protected":false},"author":2,"featured_media":0,"comment_status":"open","ping_status":"open","sticky":false,"template":"","format":"standard","meta":{"footnotes":""},"categories":[213],"tags":[],"class_list":{"0":"post-169390","1":"post","2":"type-post","3":"status-publish","4":"format-standard","6":"category-poza-rica"},"nelio_content":{"isAutoShareEnabled":true,"autoShareEndMode":"never","automationSources":{"useCustomSentences":false,"customSentences":[]},"followers":[],"suggestedReferences":[],"efiUrl":"","efiAlt":"","highlights":[],"permalinkQueryArgs":[],"series":[]},"_links":{"self":[{"href":"https:\/\/www.enteratever.com\/2023\/wp-json\/wp\/v2\/posts\/169390","targetHints":{"allow":["GET"]}}],"collection":[{"href":"https:\/\/www.enteratever.com\/2023\/wp-json\/wp\/v2\/posts"}],"about":[{"href":"https:\/\/www.enteratever.com\/2023\/wp-json\/wp\/v2\/types\/post"}],"author":[{"embeddable":true,"href":"https:\/\/www.enteratever.com\/2023\/wp-json\/wp\/v2\/users\/2"}],"replies":[{"embeddable":true,"href":"https:\/\/www.enteratever.com\/2023\/wp-json\/wp\/v2\/comments?post=169390"}],"version-history":[{"count":0,"href":"https:\/\/www.enteratever.com\/2023\/wp-json\/wp\/v2\/posts\/169390\/revisions"}],"wp:attachment":[{"href":"https:\/\/www.enteratever.com\/2023\/wp-json\/wp\/v2\/media?parent=169390"}],"wp:term":[{"taxonomy":"category","embeddable":true,"href":"https:\/\/www.enteratever.com\/2023\/wp-json\/wp\/v2\/categories?post=169390"},{"taxonomy":"post_tag","embeddable":true,"href":"https:\/\/www.enteratever.com\/2023\/wp-json\/wp\/v2\/tags?post=169390"}],"curies":[{"name":"wp","href":"https:\/\/api.w.org\/{rel}","templated":true}]}}