{"id":169388,"date":"2014-03-06T04:46:31","date_gmt":"2014-03-06T04:46:31","guid":{"rendered":"https:\/\/www.enteratever.com\/2023\/temor-en-escuelas-padres-dejan-de-llevar-a-sus-hijos\/"},"modified":"2014-03-06T04:46:31","modified_gmt":"2014-03-06T04:46:31","slug":"temor-en-escuelas-padres-dejan-de-llevar-a-sus-hijos","status":"publish","type":"post","link":"https:\/\/www.enteratever.com\/2023\/2014\/03\/06\/temor-en-escuelas-padres-dejan-de-llevar-a-sus-hijos\/","title":{"rendered":"Temor en escuelas, padres dejan de llevar a sus hijos"},"content":{"rendered":"<p>Visitas: 0<\/p><div dir=\"ltr\" style=\"text-align: justify\">\n<figure style=\"width: 670px\" class=\"wp-caption aligncenter\"><img loading=\"lazy\" decoding=\"async\" alt=\"Temor en escuelas, padres dejan de llevar a sus hijos\" src=\"http:\/\/www.enteratever.com\/wp-content\/uploads\/2014\/01\/Poza106_8.jpg\" width=\"670\" height=\"455\" \/><figcaption class=\"wp-caption-text\">Temor en escuelas, padres dejan de llevar a sus hijos. Foto: Archivo<\/figcaption><\/figure>\n<p><i><b>Jazm\u00edn Morales Silva.<\/b><\/i><\/p>\n<\/div>\n<div dir=\"ltr\" style=\"text-align: justify\"><\/div>\n<div dir=\"ltr\" style=\"text-align: justify\"><i><b><\/b><\/i>Padres de familia de Poza Rica dejan de llevar a sus hijos a las escuelas, ante el temor que existe de los supuestos robos de menores en los diferentes planteles educativos \u00a0manifest\u00f3,\u00a0Tonatiuh Paredes\u00a0regidor comisionado en educaci\u00f3n.<!--more--><\/div>\n<div dir=\"ltr\">\n<p style=\"text-align: justify\">\u201cEstamos invitando a la ciudadan\u00eda a que no se deje manipular por esos extra\u00f1os comentarios, ya que no somos testigos y a ciencia cierta no tenemos un documento que nos confirme que est\u00e1n ocurriendo estos hechos, desde esta perspectiva hemos tenido reportes \u00a0de que en las escuela ha dejado de llevar a los ni\u00f1os a clase por este temor, terror, sicosis que existe en los padres de familia.\u201d<\/p>\n<p style=\"text-align: justify\">Debido a esta situaci\u00f3n han sido ya tres planteles educativos los que han solicitado el apoyo de las autoridades municipales para que sean escuelas seguras y no ocurran casos de robos de menores, peticiones que afirma el regidor han sido atendidas, y ya fue enviado personal de prevenci\u00f3n del delito para que establezca programas para que los mismo alumnos se protejan, tambi\u00e9n hay cinco solicitudes m\u00e1s pero s\u00f3lo fueron de forma verbal ce necesita un documento por escrito con la petici\u00f3n.<\/p>\n<p style=\"text-align: justify\">La preocupaci\u00f3n de padres y maestros de las escuelas se manifiesta solicitando a la autoridad su apoyo a su vez nosotros pedimos el apoyo a la polic\u00eda intermunicipal y estatal,\u201c Yo s\u00ed le pedir\u00eda a la poblaci\u00f3n que se organicen establezcan algunas brigadas a fuera de las escuelas para recibir y sacar a los ni\u00f1os, y no caer en esta situaci\u00f3n de temor y miedo\u201d agreg\u00f3.<\/p>\n<p style=\"text-align: justify\">Tonatiuh Paredes\u00a0hace una invitaci\u00f3n a la poblaci\u00f3n en general para \u201cQue\u00a0no caigan en sicosis, que tomen sus precauciones es una obligaci\u00f3n del padre, madre o tutor cuidar a los ni\u00f1os si los pueden llevar hasta sus escuelas y si los pueden pasar a recoger para que tengan la tranquilidad de que no ocurre nada\u201d finaliz\u00f3.<\/p>\n<\/div>\n","protected":false},"excerpt":{"rendered":"<p>Visitas: 0 Jazm\u00edn Morales Silva. Padres de familia de Poza Rica dejan de llevar a sus hijos a las escuelas, ante el temor que existe de los supuestos robos de menores en los diferentes planteles educativos \u00a0manifest\u00f3,\u00a0Tonatiuh Paredes\u00a0regidor comisionado en educaci\u00f3n.<\/p>\n","protected":false},"author":2,"featured_media":0,"comment_status":"open","ping_status":"open","sticky":false,"template":"","format":"standard","meta":{"footnotes":""},"categories":[299,213],"tags":[],"class_list":{"0":"post-169388","1":"post","2":"type-post","3":"status-publish","4":"format-standard","6":"category-notas-locales","7":"category-poza-rica"},"nelio_content":{"isAutoShareEnabled":true,"autoShareEndMode":"never","automationSources":{"useCustomSentences":false,"customSentences":[]},"followers":[],"suggestedReferences":[],"efiUrl":"","efiAlt":"","highlights":[],"permalinkQueryArgs":[],"series":[]},"_links":{"self":[{"href":"https:\/\/www.enteratever.com\/2023\/wp-json\/wp\/v2\/posts\/169388","targetHints":{"allow":["GET"]}}],"collection":[{"href":"https:\/\/www.enteratever.com\/2023\/wp-json\/wp\/v2\/posts"}],"about":[{"href":"https:\/\/www.enteratever.com\/2023\/wp-json\/wp\/v2\/types\/post"}],"author":[{"embeddable":true,"href":"https:\/\/www.enteratever.com\/2023\/wp-json\/wp\/v2\/users\/2"}],"replies":[{"embeddable":true,"href":"https:\/\/www.enteratever.com\/2023\/wp-json\/wp\/v2\/comments?post=169388"}],"version-history":[{"count":0,"href":"https:\/\/www.enteratever.com\/2023\/wp-json\/wp\/v2\/posts\/169388\/revisions"}],"wp:attachment":[{"href":"https:\/\/www.enteratever.com\/2023\/wp-json\/wp\/v2\/media?parent=169388"}],"wp:term":[{"taxonomy":"category","embeddable":true,"href":"https:\/\/www.enteratever.com\/2023\/wp-json\/wp\/v2\/categories?post=169388"},{"taxonomy":"post_tag","embeddable":true,"href":"https:\/\/www.enteratever.com\/2023\/wp-json\/wp\/v2\/tags?post=169388"}],"curies":[{"name":"wp","href":"https:\/\/api.w.org\/{rel}","templated":true}]}}