{"id":169387,"date":"2014-03-06T01:55:41","date_gmt":"2014-03-06T01:55:41","guid":{"rendered":"https:\/\/www.enteratever.com\/2023\/como-cuidar-el-medio-ambiente\/"},"modified":"2014-03-06T01:55:41","modified_gmt":"2014-03-06T01:55:41","slug":"como-cuidar-el-medio-ambiente","status":"publish","type":"post","link":"https:\/\/www.enteratever.com\/2023\/2014\/03\/06\/como-cuidar-el-medio-ambiente\/","title":{"rendered":"\u2018Como Cuidar el Medio Ambiente\u2019"},"content":{"rendered":"<p>Visitas: 0<\/p><figure id=\"attachment_36796\" aria-describedby=\"caption-attachment-36796\" style=\"width: 659px\" class=\"wp-caption aligncenter\"><a href=\"http:\/\/www.enteratever.com\/wp-content\/uploads\/2014\/03\/tal-como-participan-en-salud-ni\u00f1os-se-involucran-en-temas-de-cuidado-del-medio-ambiente.jpg\"><img loading=\"lazy\" decoding=\"async\" class=\"size-full wp-image-36796\" alt=\"\u2018Como Cuidar el Medio Ambiente\u2019\" src=\"http:\/\/www.enteratever.com\/wp-content\/uploads\/2014\/03\/tal-como-participan-en-salud-ni\u00f1os-se-involucran-en-temas-de-cuidado-del-medio-ambiente.jpg\" width=\"659\" height=\"395\" \/><\/a><figcaption id=\"caption-attachment-36796\" class=\"wp-caption-text\">\u2018Como Cuidar el Medio Ambiente\u2019<\/figcaption><\/figure>\n<p style=\"text-align: justify\">Con la finalidad de generar conciencia de preservaci\u00f3n del entorno ecol\u00f3gico \u00a0entre los estudiantes de nivel b\u00e1sico \u00a0el Ayuntamiento local realizar\u00e1 conferencias en las escuelas primarias del municipio.<!--more--><\/p>\n<p style=\"text-align: justify\">El regidor tercero, Jes\u00fas Monter Rodr\u00edguez, dio a conocer que se realizar\u00e1n cinco cursos-talleres denominados \u201cC\u00f3mo Cuidar el Medio Ambiente\u201d, que ser\u00e1n charlas din\u00e1micas y sencillas en las que ense\u00f1ar\u00e1n a los ni\u00f1os la importancia del agua potable, la funci\u00f3n de los \u00e1rboles en la naturaleza, entre otros temas.<\/p>\n<p style=\"text-align: justify\">Bryan Alberto Garc\u00eda Barrales, auxiliar de la regidur\u00eda tercera, explic\u00f3 que el d\u00eda 12 de marzo el curso-taller se efectuar\u00e1 en la escuela primaria \u2018Ignacio L\u00f3pez Ray\u00f3n\u2019; el 19 de marzo en la Silverio Mart\u00ednez Polo; el 26 en la Miguel Alem\u00e1n; el 2 de abril en la 18 de Marzo y el 9 de abril en la Roberto Mancisidor Vi\u00f1as.<\/p>\n<p style=\"text-align: justify\">Corresponder\u00e1 a la conferencista Adriana Mart\u00ednez Noriega, encabezar las pl\u00e1ticas con los ni\u00f1os y con un lenguaje sencillo y f\u00e1cil de comprender, explicarles que en la actualidad el medio ambiente se ve afectado por la intensa contaminaci\u00f3n.<\/p>\n<p style=\"text-align: justify\">Tambi\u00e9n les har\u00e1 ver que cualquier persona, sin importar edad, credo o inter\u00e9s pol\u00edtico, puede realizar por su cuenta, esfuerzos colectivos o individuales, para preservar el medio ambiente y mejorar nuestro planeta.<\/p>\n","protected":false},"excerpt":{"rendered":"<p>Visitas: 0Con la finalidad de generar conciencia de preservaci\u00f3n del entorno ecol\u00f3gico \u00a0entre los estudiantes de nivel b\u00e1sico \u00a0el Ayuntamiento local realizar\u00e1 conferencias en las escuelas primarias del municipio.<\/p>\n","protected":false},"author":2,"featured_media":0,"comment_status":"open","ping_status":"open","sticky":false,"template":"","format":"standard","meta":{"footnotes":""},"categories":[213],"tags":[],"class_list":{"0":"post-169387","1":"post","2":"type-post","3":"status-publish","4":"format-standard","6":"category-poza-rica"},"nelio_content":{"isAutoShareEnabled":true,"autoShareEndMode":"never","automationSources":{"useCustomSentences":false,"customSentences":[]},"followers":[],"suggestedReferences":[],"efiUrl":"","efiAlt":"","highlights":[],"permalinkQueryArgs":[],"series":[]},"_links":{"self":[{"href":"https:\/\/www.enteratever.com\/2023\/wp-json\/wp\/v2\/posts\/169387","targetHints":{"allow":["GET"]}}],"collection":[{"href":"https:\/\/www.enteratever.com\/2023\/wp-json\/wp\/v2\/posts"}],"about":[{"href":"https:\/\/www.enteratever.com\/2023\/wp-json\/wp\/v2\/types\/post"}],"author":[{"embeddable":true,"href":"https:\/\/www.enteratever.com\/2023\/wp-json\/wp\/v2\/users\/2"}],"replies":[{"embeddable":true,"href":"https:\/\/www.enteratever.com\/2023\/wp-json\/wp\/v2\/comments?post=169387"}],"version-history":[{"count":0,"href":"https:\/\/www.enteratever.com\/2023\/wp-json\/wp\/v2\/posts\/169387\/revisions"}],"wp:attachment":[{"href":"https:\/\/www.enteratever.com\/2023\/wp-json\/wp\/v2\/media?parent=169387"}],"wp:term":[{"taxonomy":"category","embeddable":true,"href":"https:\/\/www.enteratever.com\/2023\/wp-json\/wp\/v2\/categories?post=169387"},{"taxonomy":"post_tag","embeddable":true,"href":"https:\/\/www.enteratever.com\/2023\/wp-json\/wp\/v2\/tags?post=169387"}],"curies":[{"name":"wp","href":"https:\/\/api.w.org\/{rel}","templated":true}]}}