{"id":169371,"date":"2014-03-05T00:30:37","date_gmt":"2014-03-05T00:30:37","guid":{"rendered":"https:\/\/www.enteratever.com\/2023\/destaca-glaucoma-como-trastorno-ocular-en-poza-rica\/"},"modified":"2014-03-05T00:30:37","modified_gmt":"2014-03-05T00:30:37","slug":"destaca-glaucoma-como-trastorno-ocular-en-poza-rica","status":"publish","type":"post","link":"https:\/\/www.enteratever.com\/2023\/2014\/03\/05\/destaca-glaucoma-como-trastorno-ocular-en-poza-rica\/","title":{"rendered":"Destaca glaucoma como trastorno ocular en Poza Rica"},"content":{"rendered":"<p>Visitas: 0<\/p><figure id=\"attachment_36504\" aria-describedby=\"caption-attachment-36504\" style=\"width: 659px\" class=\"wp-caption aligncenter\"><a href=\"http:\/\/www.enteratever.com\/wp-content\/uploads\/2014\/03\/DSCN2275.jpg\"><img loading=\"lazy\" decoding=\"async\" class=\"size-full wp-image-36504\" alt=\"Destaca glaucoma como trastorno ocular en Poza Rica\" src=\"http:\/\/www.enteratever.com\/wp-content\/uploads\/2014\/03\/DSCN2275.jpg\" width=\"659\" height=\"379\" \/><\/a><figcaption id=\"caption-attachment-36504\" class=\"wp-caption-text\">Destaca glaucoma como trastorno ocular en Poza Rica<\/figcaption><\/figure>\n<p style=\"text-align: justify\">El glaucoma es el trastorno ocular m\u00e1s frecuente en Poza Rica debido a que en consulta es lo que m\u00e1s se atiende. Al menos en lo que se refiere a las jornadas de salud visual promovidas en esta ciudad por la Cruz Roja.<!--more--><\/p>\n<p style=\"text-align: justify\">As\u00ed lo expresan los promotores de este evento. Alan M\u00e1rquez, uno de los organizadores del evento quien menciona que es el glaucoma el que m\u00e1s casos presenta.<\/p>\n<p style=\"text-align: justify\">La parte frontal del ojo est\u00e1 llena de un l\u00edquido claro llamado humor acuoso, el cual es producido siempre en la parte posterior coloreada del ojo (el iris). Este l\u00edquido sale del ojo a trav\u00e9s de canales en la parte frontal de \u00e9ste, en un \u00e1rea llamada el \u00e1ngulo de la c\u00e1mara anterior o simplemente el \u00e1ngulo.<\/p>\n<p style=\"text-align: justify\">Cualquier cosa que retarde o bloquee el flujo de este l\u00edquido fuera del ojo provocar\u00e1 acumulaci\u00f3n de presi\u00f3n en dicho \u00f3rgano. Esta presi\u00f3n se denomina presi\u00f3n intraocular (PIO). En la mayor\u00eda de los casos de glaucoma, esta presi\u00f3n es alta y causa da\u00f1o al nervio \u00f3ptico.<\/p>\n<p style=\"text-align: justify\">Las actividades de la jornada inician el Lunes 10 y concluyen \u00a0al 14 de marzo en la delegaci\u00f3n de Cruz Roja Mexicana. Atender\u00e1n especialistas de la UNAM y el IPN.<\/p>\n<p style=\"text-align: justify\">A los pacientes se les har\u00e1 un examen completo ya que en la ciudad \u00a0se aplican los ex\u00e1menes por medio dela computadora y este aparato tiene un margen de error muy grande y a veces el examen local no es muy precioso.<\/p>\n<p style=\"text-align: justify\">A todos lo interesados en que se les practique un examen deben acudir al la Cruz Roja a partir del 10 de marzo.<\/p>\n","protected":false},"excerpt":{"rendered":"<p>Visitas: 0 El glaucoma es el trastorno ocular m\u00e1s frecuente en Poza Rica debido a que en consulta es lo que m\u00e1s se atiende. Al menos en lo que se refiere a las jornadas de salud visual promovidas en esta ciudad por la Cruz Roja.<\/p>\n","protected":false},"author":2,"featured_media":0,"comment_status":"open","ping_status":"open","sticky":false,"template":"","format":"standard","meta":{"footnotes":""},"categories":[213],"tags":[],"class_list":{"0":"post-169371","1":"post","2":"type-post","3":"status-publish","4":"format-standard","6":"category-poza-rica"},"nelio_content":{"isAutoShareEnabled":true,"autoShareEndMode":"never","automationSources":{"useCustomSentences":false,"customSentences":[]},"followers":[],"suggestedReferences":[],"efiUrl":"","efiAlt":"","highlights":[],"permalinkQueryArgs":[],"series":[]},"_links":{"self":[{"href":"https:\/\/www.enteratever.com\/2023\/wp-json\/wp\/v2\/posts\/169371","targetHints":{"allow":["GET"]}}],"collection":[{"href":"https:\/\/www.enteratever.com\/2023\/wp-json\/wp\/v2\/posts"}],"about":[{"href":"https:\/\/www.enteratever.com\/2023\/wp-json\/wp\/v2\/types\/post"}],"author":[{"embeddable":true,"href":"https:\/\/www.enteratever.com\/2023\/wp-json\/wp\/v2\/users\/2"}],"replies":[{"embeddable":true,"href":"https:\/\/www.enteratever.com\/2023\/wp-json\/wp\/v2\/comments?post=169371"}],"version-history":[{"count":0,"href":"https:\/\/www.enteratever.com\/2023\/wp-json\/wp\/v2\/posts\/169371\/revisions"}],"wp:attachment":[{"href":"https:\/\/www.enteratever.com\/2023\/wp-json\/wp\/v2\/media?parent=169371"}],"wp:term":[{"taxonomy":"category","embeddable":true,"href":"https:\/\/www.enteratever.com\/2023\/wp-json\/wp\/v2\/categories?post=169371"},{"taxonomy":"post_tag","embeddable":true,"href":"https:\/\/www.enteratever.com\/2023\/wp-json\/wp\/v2\/tags?post=169371"}],"curies":[{"name":"wp","href":"https:\/\/api.w.org\/{rel}","templated":true}]}}