{"id":169362,"date":"2014-03-04T14:45:16","date_gmt":"2014-03-04T14:45:16","guid":{"rendered":"https:\/\/www.enteratever.com\/2023\/diainternacionaldelamujer-el-periodismo-permite-crecer\/"},"modified":"2014-03-04T14:45:16","modified_gmt":"2014-03-04T14:45:16","slug":"diainternacionaldelamujer-el-periodismo-permite-crecer","status":"publish","type":"post","link":"https:\/\/www.enteratever.com\/2023\/2014\/03\/04\/diainternacionaldelamujer-el-periodismo-permite-crecer\/","title":{"rendered":"#D\u00edaInternacionaldelaMujer: El periodismo permite crecer: Lidia L\u00f3pez"},"content":{"rendered":"<p>Visitas: 3<\/p><figure id=\"attachment_36271\" aria-describedby=\"caption-attachment-36271\" style=\"width: 660px\" class=\"wp-caption aligncenter\"><a href=\"http:\/\/www.enteratever.com\/wp-content\/uploads\/2014\/03\/IMG_1647.jpg\"><img loading=\"lazy\" decoding=\"async\" class=\"size-full wp-image-36271 \" alt=\"#D\u00edaInternacionaldelaMujer: Lidia Alejandra L\u00f3pez Casta\u00f1eda\" src=\"http:\/\/www.enteratever.com\/wp-content\/uploads\/2014\/03\/IMG_1647.jpg\" width=\"660\" height=\"440\" \/><\/a><figcaption id=\"caption-attachment-36271\" class=\"wp-caption-text\">#D\u00edaInternacionaldelaMujer: Lidia Alejandra L\u00f3pez Casta\u00f1eda<\/figcaption><\/figure>\n<p><strong><em>Por: Jazm\u00edn Morales<\/em><\/strong><\/p>\n<p style=\"text-align: justify\">\u201cEs una labor muy bonita, hermosa, se aprende y va uno creciendo d\u00eda a d\u00eda, esa es la meta, porque tampoco es que siempre tengo la raz\u00f3n a veces cometemos injusticias y hay que corregir, de los errores se aprende.\u201d(Sonr\u00ede)<!--more--><\/p>\n<p style=\"text-align: justify\">Lidia Alejandra L\u00f3pez Casta\u00f1eda Licenciada en ciencias y t\u00e9cnicas de la comunicaci\u00f3n con 11 a\u00f1os de experiencia en medios impresos, mujer, madre soltera, reportera de Al Calor Pol\u00edtico.com, Radiorama, El Mundo de Poza Rica, tambi\u00e9n colabora para Tribuna Papanteca.<\/p>\n<p style=\"text-align: justify\"><strong>\u00bfPor qu\u00e9 estudiar periodismo y no otra carrera?<\/strong><\/p>\n<p style=\"text-align: justify\">Me gustaban muchas carreras una de ellas era ser educadora, me gustan mucho los ni\u00f1os, con el paso del tiempo med\u00ed cuenta que eso no era suficiente para m\u00ed, yo ten\u00eda algunos problemas era muy introvertida y se me fijo en la mente que una de las cosas que m\u00e1s quer\u00eda era rebasar ese l\u00edmite que yo ten\u00eda y aparte que me encantaba escuchar la radio y de las estaciones favoritas es la estaci\u00f3n en la que ahorita trabajo. Con el paso del tiempo conoc\u00ed a un amigo que me hablaba mucho de ciencias de la comunicaci\u00f3n, a la edad de 15 a\u00f1os fue cuando dije esta es la carrera que busco.<\/p>\n<p style=\"text-align: justify\">Al ingresar a la Universidad Veracruzana Facultad de Boca del R\u00edo, se me abri\u00f3 un mundo maravilloso empec\u00e9 a conocer a acad\u00e9micos que trabajaban en campo que nos compart\u00edan sus conocimiento, todos ellos dejaron huella, y me hicieron decir esto es lo m\u00edo en todos sus aspectos, visual, verbal, gr\u00e1fico.<\/p>\n<p style=\"text-align: justify\">Hago mi servicio social en una empresa radiof\u00f3nica sin querer fue en noticias, yo quer\u00eda hacer el otro aspecto social, quer\u00eda hacer una revista informativa no noticias, de ah\u00ed a radio f\u00f3rmula Veracruz como asistente de jefe de informaci\u00f3n, posteriormente como jefa de informaci\u00f3n en ese noticiero y luego me fui a una delegaci\u00f3n de gobierno del Estado de Oaxaca y claro me traslad\u00e9, esto me permiti\u00f3 tener la experiencia de estar en comunicaci\u00f3n social.(Recuerda)<\/p>\n<p style=\"text-align: justify\">Despu\u00e9s me caso, tengo a mis hijos, formo una familia y posteriormente regreso a mi lugar de origen Poza Rica y me toca abrir una compa\u00f1\u00eda de medios impresos Noreste que fue mi otra escuela, era mi primera vez en medios impresos y era la mayor de toda esa nueva generaci\u00f3n.<\/p>\n<p style=\"text-align: justify\">Alberto Arizmendi Torrecillas qui\u00e9n era el director editorial, decide que haga la secci\u00f3n policiaca, no era algo que esperaba, yo hab\u00eda pedido cultura, educaci\u00f3n, no ped\u00eda hacer informaci\u00f3n general ni policiaca, \u00e9l me dijo que me envi\u00f3 ah\u00ed: \u201cPorque t\u00fa tienes otra perspectiva, eres mam\u00e1 y a lo mejor vas a encontrar historias que las vas a enfocar de distintas manera y no vamos a ver la nota informativa de siempre, como lo hacen los otros reporteros\u201d. Esa experiencia me permite hacer informaci\u00f3n general.<\/p>\n<p style=\"text-align: justify\"><strong>\u00bfQu\u00e9 significa para Lidia L\u00f3pez ser reportera?<\/strong><\/p>\n<p style=\"text-align: justify\">Es ser una tejedora de historias todos los d\u00edas conocemos a personas distintas, de diferentes sector social y nos involucramos, de cierta manera para ser el conducto de su expresi\u00f3n, su necesidades e incluso en cuestiones destacables, nos sirve en algunas problem\u00e1ticas sociales, podemos usar esas historias de vida como ejemplo para dar soluci\u00f3n a ciertos problemas, ese es el significado de ser reportera.<\/p>\n<p style=\"text-align: justify\">\u00bfEs complicado ser reportera siendo mujer? Es complicado porque hay ciertos puntos que nos afectan como mujer, porque en mi caso el ser madre, ser profesionista, es un poco complicado, a veces no coincidir con los eventos de tus hijos.<\/p>\n<p style=\"text-align: justify\">En el caso de las mujeres periodistas la sociedad ahorita ya ha incluido mucho a la mujer en distintos aspectos, es una profesi\u00f3n absorbente no tenemos tiempo, el periodista hombre o mujer vive de acuerdo a la situaci\u00f3n del momento, ah\u00ed es donde choca con tu vida personal, y a veces los hijos sino los preparas te demandaran sobre esas ausencias, yo he platicado con ellos desde peque\u00f1os y ellos saben, yo estoy m\u00e1s que agradecida por su comprensi\u00f3n.<\/p>\n<p style=\"text-align: justify\">Con tus compa\u00f1eros de trabajo se estrechan lazos sean de competencia o no, hombres y mujeres, que muchos de ellos tiene la disposici\u00f3n de ser consientes \u201ceres mam\u00e1 vete\u201d te apoyan, eso es lo que yo he encontrado como el lado amable del periodismo.<\/p>\n<p style=\"text-align: justify\"><strong>\u00bfEs dif\u00edcil ser mam\u00e1, hija y reportera al mismo tiempo?<\/strong><\/p>\n<p style=\"text-align: justify\">S\u00ed, es dif\u00edcil, aunque hasta este momento todo es armonioso, lo que hemos hecho de cierta manera nos hemos organizado, eso es lo favorable de todo esto al principio obvio no sab\u00eda yo como llevar las cosas, pero le fui encontrando poco a poco con el transcurso del tiempo la combinaci\u00f3n del cuidado de los hijos y nos distribuirnos las responsabilidades en casa. (Sonr\u00ede)<br \/>\n\u201cYo soy una mam\u00e1 com\u00fan y corriente, me gust\u00f3 much\u00edsimo cuando deje el periodismo para estar dedicada al 100% a mis hijos mayores, no lo lamento, me encant\u00f3 estar al pendiente de ellos.\u201d<\/p>\n<p style=\"text-align: justify\">Aunque estoy dedicada al periodismo, el estar en la calle de un lado para otro tras la nota me permite ir a las escuelas ver como est\u00e1n, trato de darles su tiempo a mis hijos. No creo que ser periodista sea malo, mi familia y yo hemos visto la manera de c\u00f3mo irnos acoplando a este sistema de trabajo, ves la manera de combinar todo junto. (R\u00ede)<\/p>\n<p style=\"text-align: justify\">\u201cA m\u00ed me ha costado trabajo empezar desde abajo, abrirme las puertas ir avanzando poco a poco, trabajar con una o dos empresas a la vez para poder ampliar un presupuesto digno para que en mi caso siendo madre soltera darles lo necesario a mis hijos\u201d<\/p>\n<p style=\"text-align: justify\">Uno de mis objetivos en la comunicaci\u00f3n ha sido pensar siempre en los ciudadanos, el tesoro m\u00e1s grande de la comunicaci\u00f3n es la confianza que los ciudadanos depositan en ti, cuando te cuentan sus problemas y te vuelves un hombro, cuando dan a conocer sus inconformidades y al otro d\u00eda publicado, ya que ellos tienen una mala idea de que se paga, nuestro trabajo es social, para eso nos pagan las empresas, lo exponemos y qu\u00e9 mejor satisfacci\u00f3n que la gente te lee y te diga me gusta tu nota, ni el mejor premio de periodismo me puede dar la satisfacci\u00f3n que tengo cuando me leen.<\/p>\n<p style=\"text-align: justify\"><strong>\u00bfQu\u00e9 significa 8 de Marzo para ti como mujer?<\/strong><\/p>\n<p style=\"text-align: justify\">8 de marzo es los 365 d\u00edas del a\u00f1o todos los d\u00edas somos mujeres pero tambi\u00e9n me gustar\u00eda que hubiera el d\u00eda del hombre porque entonces no existe equidad de g\u00e9nero.(Voz firme)<\/p>\n<p style=\"text-align: justify\">Los errores los cometemos mutuamente tanto el hombre como la mujer estamos estigmatizando al var\u00f3n cuando las mujeres tambi\u00e9n cometemos errores, eso es lo que nos falta no podemos hacer que la mujer aparente ser v\u00edctima tambi\u00e9n si comete errores debe saberlos reconocer.<\/p>\n<p style=\"text-align: justify\">Las mujeres debemos de luchar por la equidad de g\u00e9nero que haya esa armon\u00eda no se trata de ser competencia del hombre, sino de compartir, convivir y respetar.(Puntualiz\u00f3)<\/p>\n","protected":false},"excerpt":{"rendered":"<p>Visitas: 3Por: Jazm\u00edn Morales \u201cEs una labor muy bonita, hermosa, se aprende y va uno creciendo d\u00eda a d\u00eda, esa es la meta, porque tampoco es que siempre tengo la raz\u00f3n a veces cometemos injusticias y hay que corregir, de los errores se aprende.\u201d(Sonr\u00ede)<\/p>\n","protected":false},"author":2,"featured_media":0,"comment_status":"open","ping_status":"open","sticky":false,"template":"","format":"standard","meta":{"footnotes":""},"categories":[213],"tags":[],"class_list":{"0":"post-169362","1":"post","2":"type-post","3":"status-publish","4":"format-standard","6":"category-poza-rica"},"nelio_content":{"isAutoShareEnabled":true,"autoShareEndMode":"never","automationSources":{"useCustomSentences":false,"customSentences":[]},"followers":[],"suggestedReferences":[],"efiUrl":"","efiAlt":"","highlights":[],"permalinkQueryArgs":[],"series":[]},"_links":{"self":[{"href":"https:\/\/www.enteratever.com\/2023\/wp-json\/wp\/v2\/posts\/169362","targetHints":{"allow":["GET"]}}],"collection":[{"href":"https:\/\/www.enteratever.com\/2023\/wp-json\/wp\/v2\/posts"}],"about":[{"href":"https:\/\/www.enteratever.com\/2023\/wp-json\/wp\/v2\/types\/post"}],"author":[{"embeddable":true,"href":"https:\/\/www.enteratever.com\/2023\/wp-json\/wp\/v2\/users\/2"}],"replies":[{"embeddable":true,"href":"https:\/\/www.enteratever.com\/2023\/wp-json\/wp\/v2\/comments?post=169362"}],"version-history":[{"count":0,"href":"https:\/\/www.enteratever.com\/2023\/wp-json\/wp\/v2\/posts\/169362\/revisions"}],"wp:attachment":[{"href":"https:\/\/www.enteratever.com\/2023\/wp-json\/wp\/v2\/media?parent=169362"}],"wp:term":[{"taxonomy":"category","embeddable":true,"href":"https:\/\/www.enteratever.com\/2023\/wp-json\/wp\/v2\/categories?post=169362"},{"taxonomy":"post_tag","embeddable":true,"href":"https:\/\/www.enteratever.com\/2023\/wp-json\/wp\/v2\/tags?post=169362"}],"curies":[{"name":"wp","href":"https:\/\/api.w.org\/{rel}","templated":true}]}}