{"id":169360,"date":"2014-03-04T02:30:22","date_gmt":"2014-03-04T02:30:22","guid":{"rendered":"https:\/\/www.enteratever.com\/2023\/inconformes-padres-y-maestros-por-obras-mal-realizadas\/"},"modified":"2014-03-04T02:30:22","modified_gmt":"2014-03-04T02:30:22","slug":"inconformes-padres-y-maestros-por-obras-mal-realizadas","status":"publish","type":"post","link":"https:\/\/www.enteratever.com\/2023\/2014\/03\/04\/inconformes-padres-y-maestros-por-obras-mal-realizadas\/","title":{"rendered":"Inconformes padres y maestros por obras mal realizadas"},"content":{"rendered":"<p>Visitas: 0<\/p><figure id=\"attachment_36256\" aria-describedby=\"caption-attachment-36256\" style=\"width: 660px\" class=\"wp-caption aligncenter\"><a href=\"http:\/\/www.enteratever.com\/wp-content\/uploads\/2014\/03\/DSCF1306.jpg\"><img loading=\"lazy\" decoding=\"async\" class=\"size-full wp-image-36256\" alt=\"Inconformes padres y maestros por obras mal realizadas\" src=\"http:\/\/www.enteratever.com\/wp-content\/uploads\/2014\/03\/DSCF1306.jpg\" width=\"660\" height=\"495\" \/><\/a><figcaption id=\"caption-attachment-36256\" class=\"wp-caption-text\">Inconformes padres y maestros por obras mal realizadas<\/figcaption><\/figure>\n<p>Por:<em><strong> Jazm\u00edn Morales<\/strong><\/em><\/p>\n<p>Inconformes por obras mal realizadas por la administraci\u00f3n pasada en Poza Rica, las madres de familia y la directora de la escuela primaria 22 de septiembre de la Colonia Salvador Allende, \u201clo \u00fanico que buscamos es salvaguardar la seguridad de los ni\u00f1os\u201d afirman Liliana Monte Rubio Directora del Plantel.<\/p>\n<p>Los principales problemas que la obra presenta son filtraci\u00f3n de agua en el techo, mismo que hace que los ni\u00f1os se mojen, as\u00ed mismo las puestas est\u00e1n mal colocadas.<\/p>\n<p>\u201cLos padres de familia han tenido que intervenir para reparar las puertas, ya que son la seguridad de la escuela\u201d agreg\u00f3.<\/p>\n<p>Manifestaron los padres que lo \u00fanico que quieren es contar con una escuela segura y que los ni\u00f1os tengan las condiciones necesarias para su educaci\u00f3n, actualmente el plantel cuenta con 44 alumnos y tres maestros.<\/p>\n","protected":false},"excerpt":{"rendered":"<p>Visitas: 0Por: Jazm\u00edn Morales Inconformes por obras mal realizadas por la administraci\u00f3n pasada en Poza Rica, las madres de familia y la directora de la escuela primaria 22 de septiembre de la Colonia Salvador Allende, \u201clo \u00fanico que buscamos es salvaguardar la seguridad de los ni\u00f1os\u201d afirman Liliana Monte Rubio Directora del Plantel. Los principales [&hellip;]<\/p>\n","protected":false},"author":2,"featured_media":0,"comment_status":"open","ping_status":"open","sticky":false,"template":"","format":"standard","meta":{"footnotes":""},"categories":[213],"tags":[],"class_list":{"0":"post-169360","1":"post","2":"type-post","3":"status-publish","4":"format-standard","6":"category-poza-rica"},"nelio_content":{"isAutoShareEnabled":true,"autoShareEndMode":"never","automationSources":{"useCustomSentences":false,"customSentences":[]},"followers":[],"suggestedReferences":[],"efiUrl":"","efiAlt":"","highlights":[],"permalinkQueryArgs":[],"series":[]},"_links":{"self":[{"href":"https:\/\/www.enteratever.com\/2023\/wp-json\/wp\/v2\/posts\/169360","targetHints":{"allow":["GET"]}}],"collection":[{"href":"https:\/\/www.enteratever.com\/2023\/wp-json\/wp\/v2\/posts"}],"about":[{"href":"https:\/\/www.enteratever.com\/2023\/wp-json\/wp\/v2\/types\/post"}],"author":[{"embeddable":true,"href":"https:\/\/www.enteratever.com\/2023\/wp-json\/wp\/v2\/users\/2"}],"replies":[{"embeddable":true,"href":"https:\/\/www.enteratever.com\/2023\/wp-json\/wp\/v2\/comments?post=169360"}],"version-history":[{"count":0,"href":"https:\/\/www.enteratever.com\/2023\/wp-json\/wp\/v2\/posts\/169360\/revisions"}],"wp:attachment":[{"href":"https:\/\/www.enteratever.com\/2023\/wp-json\/wp\/v2\/media?parent=169360"}],"wp:term":[{"taxonomy":"category","embeddable":true,"href":"https:\/\/www.enteratever.com\/2023\/wp-json\/wp\/v2\/categories?post=169360"},{"taxonomy":"post_tag","embeddable":true,"href":"https:\/\/www.enteratever.com\/2023\/wp-json\/wp\/v2\/tags?post=169360"}],"curies":[{"name":"wp","href":"https:\/\/api.w.org\/{rel}","templated":true}]}}