{"id":169358,"date":"2014-03-04T02:34:03","date_gmt":"2014-03-04T02:34:03","guid":{"rendered":"https:\/\/www.enteratever.com\/2023\/convocatoria-para-incubacion-de-empresas\/"},"modified":"2014-03-04T02:34:03","modified_gmt":"2014-03-04T02:34:03","slug":"convocatoria-para-incubacion-de-empresas","status":"publish","type":"post","link":"https:\/\/www.enteratever.com\/2023\/2014\/03\/04\/convocatoria-para-incubacion-de-empresas\/","title":{"rendered":"Convocatoria para incubaci\u00f3n de empresas"},"content":{"rendered":"<p>Visitas: 0<\/p><figure id=\"attachment_36220\" aria-describedby=\"caption-attachment-36220\" style=\"width: 660px\" class=\"wp-caption aligncenter\"><a href=\"http:\/\/www.enteratever.com\/wp-content\/uploads\/2014\/03\/IMG_9995-A-FILEminimizer.jpg\"><img loading=\"lazy\" decoding=\"async\" class=\"size-full wp-image-36220\" alt=\"Convocatoria para incubaci\u00f3n de empresas\" src=\"http:\/\/www.enteratever.com\/wp-content\/uploads\/2014\/03\/IMG_9995-A-FILEminimizer.jpg\" width=\"660\" height=\"336\" \/><\/a><figcaption id=\"caption-attachment-36220\" class=\"wp-caption-text\">Convocatoria para incubaci\u00f3n de empresas<\/figcaption><\/figure>\n<p style=\"text-align: justify\">Del 3 y hasta el 14 de marzo se recibir\u00e1n los proyectos para la creaci\u00f3n de nuevas empresas en Poza Rica, as\u00ed se dio a conocer en la rueda de prensa que ofrecieron autoridades del Instituto Polit\u00e9cnico Nacional y el gobierno municipal al presentar la convocatoria respectiva para la realizaci\u00f3n del programa.<!--more--><\/p>\n<p style=\"text-align: justify\">Por su parte la sindico del Ayuntamiento Adriana G\u00f3mez Garc\u00eda, reitero el inter\u00e9s del ayuntamiento de apoyar todos y cada uno de los proyectos de emprendedores con la finalidad de crear nuevas empresas.Por ello el inter\u00e9s de que se firme el convenio con el Instituto Polit\u00e9cnico Nacional, para poder avanzar en materia de incubaci\u00f3n de empresas.<\/p>\n<p style=\"text-align: justify\">En representaci\u00f3n de IPN, el licenciado Jorge Serrano, inform\u00f3 que en abril se firmar\u00e1 un convenio con el gobierno municipal para seguir apoyando con la incubaci\u00f3n de empresas, proyectos que se vayan dando para la creaci\u00f3n de nuevos negocios.<\/p>\n<p style=\"text-align: justify\">Asegur\u00f3 que ellos cuentan con un modelo espec\u00edfico que contempla un 90 por ciento de \u00e9xito en las empresas de nueva creaci\u00f3n y se espera que en la fecha establecida se reciban cuando menos 30 proyectos que se pongan en marcha y se generen un promedio de 120 nuevos empleos.<\/p>\n<p style=\"text-align: justify\">Dej\u00f3 en claro que el Instituto Polit\u00e9cnico Nacional no aportara ning\u00fan tipo de financiamiento, sin embargo ya cuentan con instituciones en la ciudad de M\u00e9xico, con las cuales se har\u00eda un enlace para los casos que se requiera ese tipo de acci\u00f3n.<\/p>\n<p style=\"text-align: justify\">Los proyectos que sean presentados ser\u00e1n evaluados t\u00e9cnica y financieramente por un grupo de expertos en incubaci\u00f3n de empresas, y posteriormente se determinara cuales son viables para ponerlos en marcha.<\/p>\n","protected":false},"excerpt":{"rendered":"<p>Visitas: 0 Del 3 y hasta el 14 de marzo se recibir\u00e1n los proyectos para la creaci\u00f3n de nuevas empresas en Poza Rica, as\u00ed se dio a conocer en la rueda de prensa que ofrecieron autoridades del Instituto Polit\u00e9cnico Nacional y el gobierno municipal al presentar la convocatoria respectiva para la realizaci\u00f3n del programa.<\/p>\n","protected":false},"author":2,"featured_media":0,"comment_status":"open","ping_status":"open","sticky":false,"template":"","format":"standard","meta":{"footnotes":""},"categories":[213],"tags":[],"class_list":{"0":"post-169358","1":"post","2":"type-post","3":"status-publish","4":"format-standard","6":"category-poza-rica"},"nelio_content":{"isAutoShareEnabled":true,"autoShareEndMode":"never","automationSources":{"useCustomSentences":false,"customSentences":[]},"followers":[],"suggestedReferences":[],"efiUrl":"","efiAlt":"","highlights":[],"permalinkQueryArgs":[],"series":[]},"_links":{"self":[{"href":"https:\/\/www.enteratever.com\/2023\/wp-json\/wp\/v2\/posts\/169358","targetHints":{"allow":["GET"]}}],"collection":[{"href":"https:\/\/www.enteratever.com\/2023\/wp-json\/wp\/v2\/posts"}],"about":[{"href":"https:\/\/www.enteratever.com\/2023\/wp-json\/wp\/v2\/types\/post"}],"author":[{"embeddable":true,"href":"https:\/\/www.enteratever.com\/2023\/wp-json\/wp\/v2\/users\/2"}],"replies":[{"embeddable":true,"href":"https:\/\/www.enteratever.com\/2023\/wp-json\/wp\/v2\/comments?post=169358"}],"version-history":[{"count":0,"href":"https:\/\/www.enteratever.com\/2023\/wp-json\/wp\/v2\/posts\/169358\/revisions"}],"wp:attachment":[{"href":"https:\/\/www.enteratever.com\/2023\/wp-json\/wp\/v2\/media?parent=169358"}],"wp:term":[{"taxonomy":"category","embeddable":true,"href":"https:\/\/www.enteratever.com\/2023\/wp-json\/wp\/v2\/categories?post=169358"},{"taxonomy":"post_tag","embeddable":true,"href":"https:\/\/www.enteratever.com\/2023\/wp-json\/wp\/v2\/tags?post=169358"}],"curies":[{"name":"wp","href":"https:\/\/api.w.org\/{rel}","templated":true}]}}