{"id":169352,"date":"2014-03-03T21:15:31","date_gmt":"2014-03-03T21:15:31","guid":{"rendered":"https:\/\/www.enteratever.com\/2023\/firma-convenio-sat-y-canacintra-en-poza-rica\/"},"modified":"2014-03-03T21:15:31","modified_gmt":"2014-03-03T21:15:31","slug":"firma-convenio-sat-y-canacintra-en-poza-rica","status":"publish","type":"post","link":"https:\/\/www.enteratever.com\/2023\/2014\/03\/03\/firma-convenio-sat-y-canacintra-en-poza-rica\/","title":{"rendered":"Firma convenio SAT y CANACINTRA en Poza Rica"},"content":{"rendered":"<p>Visitas: 0<\/p><figure id=\"attachment_36192\" aria-describedby=\"caption-attachment-36192\" style=\"width: 660px\" class=\"wp-caption aligncenter\"><a href=\"http:\/\/www.enteratever.com\/wp-content\/uploads\/2014\/03\/IMG_1933.jpg\"><img loading=\"lazy\" decoding=\"async\" class=\"size-full wp-image-36192\" alt=\"Firma convenio SAT y CANACINTRA en Poza Rica\" src=\"http:\/\/www.enteratever.com\/wp-content\/uploads\/2014\/03\/IMG_1933.jpg\" width=\"660\" height=\"388\" \/><\/a><figcaption id=\"caption-attachment-36192\" class=\"wp-caption-text\">Firma convenio SAT y CANACINTRA en Poza Rica<\/figcaption><\/figure>\n<p style=\"text-align: justify\">Firman convenio de colaboraci\u00f3n administrativa este lunes el Servicio de Administraci\u00f3n Tributaria (SAT) y \u00a0C\u00e1mara Nacional de la Industria de la Trasformaci\u00f3n (CANACINTRA) en Poza Rica, \u00c1ngel Alafita Ram\u00edrez, presidente de CANACINTRA y Jos\u00e9 Mariano Collado Violante Administrador Local de Servicios al Contribuyente de Tuxpan.<\/p>\n<p style=\"text-align: justify\">La finalidad es coadyuvar los intereses del sector empresarial, para orientaci\u00f3n y asesor\u00eda, quien brindara esto ser\u00e1 previamente capacitados, \u201cpara que de alguna manera desahoguemos la situaci\u00f3n, apoyando a la secretaria\u201d manifest\u00f3 \u00c1ngel Alafita Ram\u00edrez, presidente de CANACINTRA.<\/p>\n<p style=\"text-align: justify\">Por su parte Collado refiri\u00f3 que el objeto primordial es que el ciudadano pueda cumplir en forma adecuada con su contribuci\u00f3n, derivado de la reforma fiscal en nuevo r\u00e9gimen que se crea dentro de nuestras propuestas centrales est\u00e1n principalmente concertar con organismos\u00a0 para obtener la colaboraci\u00f3n de terceros colabores, es por ello que el modulo que se pretende establecer es de difusi\u00f3n y asesor\u00edas especiales.<\/p>\n<p style=\"text-align: justify\">\u201cQueremos apoyar aquellos contribuyente que no tengan los medios necesarios para cumplir en forma adecuada ya que ahora el tramite ser\u00e1\u00a0 mucho m\u00e1s f\u00e1cil por internet, es que los empresarios tengan informaci\u00f3n de primera mano, principalmente en la cuesti\u00f3n de la migraci\u00f3n hacendaria que se est\u00e1 viviendo de los respecto al r\u00e9gimen de corporaci\u00f3n fiscal\u201d agreg\u00f3.<\/p>\n<p style=\"text-align: justify\">Afirma que ha habido respuesta de los contribuyentes y que se han preocupado por cumplir con r\u00e9gimen, hasta el momento se llevan 50 mil \u00a0del R\u00e9gimen de Peque\u00f1os Contribuyentes (REPECOS) que se han regularizado en la zona norte del Estado desde P\u00e1nuco hasta Tlapacoyan, y a nivel nacional son dos millones ochocientos mil, para los que no asisten se hace cada mes una visita de vigilancia para invitarlos.<\/p>\n<p style=\"text-align: justify\">Igualmente manifestaron que buscan que el servicio sea m\u00e1s c\u00f3modo para los contribuyente, y en 15 d\u00edas se dar\u00e1 el banderazo para que inicie ya formalmente este m\u00f3dulo ubicado en las instalaciones de CANACINTRA, mismo que tambi\u00e9n ofrecer\u00e1 el programa de declaraciones anuales de personas morales \u00a0programa que inicia formalmente el abril sin embargo ya puede empezar los trabajador a cumplir con sus declaraciones ya que ahora es mucho m\u00e1s f\u00e1cil, simplificada.<\/p>\n<p style=\"text-align: justify\">Mencion\u00f3 que para todos aquellos que se acudan al m\u00f3dulo de CANACINTRA no pagaran impuestos durante un a\u00f1o y obtendr\u00e1n \u00a0un subsidio\u00a0 de valor agregado del 100% al igual que del impuesto Especial sobre Producci\u00f3n y Servicio (IEPS).<\/p>\n<p style=\"text-align: justify\">\u201cVemos con benepl\u00e1cito que el hecho de que el ejecutivo federal ampli\u00e9 su programa no agregando m\u00e1s impuestos para el pa\u00eds y es el momento crucial para los empresarios que generan productividad en el pa\u00eds, fomentar la base de contribuci\u00f3n sana\u201d concluy\u00f3 Alafita.<\/p>\n","protected":false},"excerpt":{"rendered":"<p>Visitas: 0Firman convenio de colaboraci\u00f3n administrativa este lunes el Servicio de Administraci\u00f3n Tributaria (SAT) y \u00a0C\u00e1mara Nacional de la Industria de la Trasformaci\u00f3n (CANACINTRA) en Poza Rica, \u00c1ngel Alafita Ram\u00edrez, presidente de CANACINTRA y Jos\u00e9 Mariano Collado Violante Administrador Local de Servicios al Contribuyente de Tuxpan. La finalidad es coadyuvar los intereses del sector empresarial, [&hellip;]<\/p>\n","protected":false},"author":2,"featured_media":0,"comment_status":"open","ping_status":"open","sticky":false,"template":"","format":"standard","meta":{"footnotes":""},"categories":[213],"tags":[],"class_list":{"0":"post-169352","1":"post","2":"type-post","3":"status-publish","4":"format-standard","6":"category-poza-rica"},"nelio_content":{"isAutoShareEnabled":true,"autoShareEndMode":"never","automationSources":{"useCustomSentences":false,"customSentences":[]},"followers":[],"suggestedReferences":[],"efiUrl":"","efiAlt":"","highlights":[],"permalinkQueryArgs":[],"series":[]},"_links":{"self":[{"href":"https:\/\/www.enteratever.com\/2023\/wp-json\/wp\/v2\/posts\/169352","targetHints":{"allow":["GET"]}}],"collection":[{"href":"https:\/\/www.enteratever.com\/2023\/wp-json\/wp\/v2\/posts"}],"about":[{"href":"https:\/\/www.enteratever.com\/2023\/wp-json\/wp\/v2\/types\/post"}],"author":[{"embeddable":true,"href":"https:\/\/www.enteratever.com\/2023\/wp-json\/wp\/v2\/users\/2"}],"replies":[{"embeddable":true,"href":"https:\/\/www.enteratever.com\/2023\/wp-json\/wp\/v2\/comments?post=169352"}],"version-history":[{"count":0,"href":"https:\/\/www.enteratever.com\/2023\/wp-json\/wp\/v2\/posts\/169352\/revisions"}],"wp:attachment":[{"href":"https:\/\/www.enteratever.com\/2023\/wp-json\/wp\/v2\/media?parent=169352"}],"wp:term":[{"taxonomy":"category","embeddable":true,"href":"https:\/\/www.enteratever.com\/2023\/wp-json\/wp\/v2\/categories?post=169352"},{"taxonomy":"post_tag","embeddable":true,"href":"https:\/\/www.enteratever.com\/2023\/wp-json\/wp\/v2\/tags?post=169352"}],"curies":[{"name":"wp","href":"https:\/\/api.w.org\/{rel}","templated":true}]}}