{"id":169344,"date":"2014-03-02T21:32:12","date_gmt":"2014-03-02T21:32:12","guid":{"rendered":"https:\/\/www.enteratever.com\/2023\/se-unen-ciudadanos-de-otros-municipios-al-movimiento-alza-la-voz\/"},"modified":"2014-03-02T21:32:12","modified_gmt":"2014-03-02T21:32:12","slug":"se-unen-ciudadanos-de-otros-municipios-al-movimiento-alza-la-voz","status":"publish","type":"post","link":"https:\/\/www.enteratever.com\/2023\/2014\/03\/02\/se-unen-ciudadanos-de-otros-municipios-al-movimiento-alza-la-voz\/","title":{"rendered":"Se unen ciudadanos de otros municipios al movimiento Alza la Voz"},"content":{"rendered":"<p>Visitas: 0<\/p><figure id=\"attachment_35878\" aria-describedby=\"caption-attachment-35878\" style=\"width: 403px\" class=\"wp-caption aligncenter\"><a href=\"http:\/\/www.enteratever.com\/wp-content\/uploads\/2014\/03\/Niunomasfotofacebook.png\"><img loading=\"lazy\" decoding=\"async\" class=\"size-full wp-image-35878\" alt=\"Se unen ciudadanos de otros municipios al movimiento Alza la Voz\" src=\"http:\/\/www.enteratever.com\/wp-content\/uploads\/2014\/03\/Niunomasfotofacebook.png\" width=\"403\" height=\"403\" \/><\/a><figcaption id=\"caption-attachment-35878\" class=\"wp-caption-text\">Se unen ciudadanos de otros municipios al movimiento Alza la Voz. Foto: Facebook.com\/niunomaspr<\/figcaption><\/figure>\n<p style=\"text-align: justify\">Ciudadanos de San Rafael y Papantla se han unido tambi\u00e9n a las manifestaciones para exigir mayor seguridad a las autoridades municipales por el secuestro de ni\u00f1os tal y como se consigna en redes sociales.<!--more--><\/p>\n<p style=\"text-align: justify\">Para este domingo a las cuatro de la tarde el movimiento Alza la voz ni un ni\u00f1o m\u00e1s en su p\u00e1gina de Faceebok ni uno m\u00e1s hace eco de una marcha a realizarse en San Rafael y hace apenas una horas se cre\u00f3 una p\u00e1gina Alza la Voz en Papantla.<\/p>\n<p style=\"text-align: justify\">El movimiento que se gener\u00f3 a partir del secuestro de un ni\u00f1o la semana pasada en Poza Rica y que el jueves realiz\u00f3 una marcha que lleg\u00f3 al palacio municipal, tambi\u00e9n est\u00e1 convocando a bloquear accesos a la ciudad y a no asistir al desfile del 18 de marzo.<\/p>\n","protected":false},"excerpt":{"rendered":"<p>Visitas: 0Ciudadanos de San Rafael y Papantla se han unido tambi\u00e9n a las manifestaciones para exigir mayor seguridad a las autoridades municipales por el secuestro de ni\u00f1os tal y como se consigna en redes sociales.<\/p>\n","protected":false},"author":2,"featured_media":0,"comment_status":"open","ping_status":"open","sticky":false,"template":"","format":"standard","meta":{"footnotes":""},"categories":[213],"tags":[],"class_list":{"0":"post-169344","1":"post","2":"type-post","3":"status-publish","4":"format-standard","6":"category-poza-rica"},"nelio_content":{"isAutoShareEnabled":true,"autoShareEndMode":"never","automationSources":{"useCustomSentences":false,"customSentences":[]},"followers":[],"suggestedReferences":[],"efiUrl":"","efiAlt":"","highlights":[],"permalinkQueryArgs":[],"series":[]},"_links":{"self":[{"href":"https:\/\/www.enteratever.com\/2023\/wp-json\/wp\/v2\/posts\/169344","targetHints":{"allow":["GET"]}}],"collection":[{"href":"https:\/\/www.enteratever.com\/2023\/wp-json\/wp\/v2\/posts"}],"about":[{"href":"https:\/\/www.enteratever.com\/2023\/wp-json\/wp\/v2\/types\/post"}],"author":[{"embeddable":true,"href":"https:\/\/www.enteratever.com\/2023\/wp-json\/wp\/v2\/users\/2"}],"replies":[{"embeddable":true,"href":"https:\/\/www.enteratever.com\/2023\/wp-json\/wp\/v2\/comments?post=169344"}],"version-history":[{"count":0,"href":"https:\/\/www.enteratever.com\/2023\/wp-json\/wp\/v2\/posts\/169344\/revisions"}],"wp:attachment":[{"href":"https:\/\/www.enteratever.com\/2023\/wp-json\/wp\/v2\/media?parent=169344"}],"wp:term":[{"taxonomy":"category","embeddable":true,"href":"https:\/\/www.enteratever.com\/2023\/wp-json\/wp\/v2\/categories?post=169344"},{"taxonomy":"post_tag","embeddable":true,"href":"https:\/\/www.enteratever.com\/2023\/wp-json\/wp\/v2\/tags?post=169344"}],"curies":[{"name":"wp","href":"https:\/\/api.w.org\/{rel}","templated":true}]}}