{"id":169343,"date":"2014-03-02T21:28:51","date_gmt":"2014-03-02T21:28:51","guid":{"rendered":"https:\/\/www.enteratever.com\/2023\/logra-dif-unir-una-gran-familia\/"},"modified":"2014-03-02T21:28:51","modified_gmt":"2014-03-02T21:28:51","slug":"logra-dif-unir-una-gran-familia","status":"publish","type":"post","link":"https:\/\/www.enteratever.com\/2023\/2014\/03\/02\/logra-dif-unir-una-gran-familia\/","title":{"rendered":"Logra DIF unir una gran familia"},"content":{"rendered":"<p>Visitas: 0<\/p><figure id=\"attachment_35865\" aria-describedby=\"caption-attachment-35865\" style=\"width: 660px\" class=\"wp-caption aligncenter\"><a href=\"http:\/\/www.enteratever.com\/wp-content\/uploads\/2014\/03\/IMG_5713.jpg\"><img loading=\"lazy\" decoding=\"async\" class=\"size-full wp-image-35865\" alt=\"Logra DIF unir una gran familia\" src=\"http:\/\/www.enteratever.com\/wp-content\/uploads\/2014\/03\/IMG_5713.jpg\" width=\"660\" height=\"440\" \/><\/a><figcaption id=\"caption-attachment-35865\" class=\"wp-caption-text\">Logra DIF unir una gran familia<\/figcaption><\/figure>\n<p style=\"text-align: justify\">Este primer domingo de marzo fue de alegr\u00eda y uni\u00f3n entre cientos de familias que acudieron a la convocatoria de la presidenta del Sistema Municipal DIF, Araceli S\u00e1nchez de Quiroz, las sonrisas de ni\u00f1os y ni\u00f1as contagiaron a sus padres, todos y todas divertidos al ritmo de la m\u00fasica, de los juegos, de la diversi\u00f3n y de compartir alimentos, con la Primera Dama de Poza Rica y con el alcalde Sergio Lorenzo Quiroz Cruz.<!--more--><\/p>\n<p style=\"text-align: justify\">En la historia del Estado Heriberto Jara Corona, este D\u00eda de la Familia mostr\u00f3 su mejor esplendor. Los rayos del sol destellaban, pero el voluntariado del DIF y el Ayuntamiento de Poza Rica cubrieron las necesidades primordiales para resguardar a los padres y madres que aceptaron esta invitaci\u00f3n, de estrechar lazos de amor con sus hijos y sus hijas.<\/p>\n<p style=\"text-align: justify\">Como titular de esta instituci\u00f3n de labor social, Araceli S\u00e1nchez de Quiroz arrib\u00f3 al Coloso de la Tepeyac, acompa\u00f1ada de su esposo, el alcalde Sergio Lorenzo Quiroz Cruz, y sus hijos. Fue la encargada de darles la bienvenida a los asistentes, a quienes agradeci\u00f3 por su presencia.<\/p>\n<p style=\"text-align: justify\">\u201cEn nuestra sociedad es importante el vinculo familiar, porque de ello depende que formemos a nuestros hijos con amor y principios, debemos darles atenci\u00f3n y escucharlos, estar\u00e9 presentes con ellos en sus actividades, en familia y con sus amistades. Debemos compartir estos momentos siempre, no solo este d\u00eda\u201d.<\/p>\n<p style=\"text-align: justify\">Se organizaron diversas actividades recreativas, las sanas competencias como el juego de las sillas al ritmo de la m\u00fasica, los encostalados o jalar la cuerda, generaron en breves minutos que las familias se transportaran a un ambiente de alegr\u00eda y diversi\u00f3n.<br \/>\nAl culminar, el tiempo transcurri\u00f3 sin que las familias lo notaran gracias al ambiente de camarader\u00eda que surgi\u00f3, la sensibilidad de Araceli S\u00e1nchez de Quiroz como pedagoga y madre de familia permiti\u00f3 que los padres y las madres se sumaran a esta convivencia con mucha familiaridad.<\/p>\n<p style=\"text-align: justify\">M\u00e1s aun, despert\u00f3 la inquietud de los presentes, cuando el presidente municipal de Poza Rica, Sergio Lorenzo Quiroz Cruz, dej\u00f3 a un lado esa funci\u00f3n, y mostr\u00f3 el lado c\u00e1lido del padre de familia que se preocupa por mantener unida a la Gran Familia.<br \/>\nDomingo Ramos Ju\u00e1rez, padre de dos hijos y vecino de la colonia Divisi\u00f3n de Oriente expres\u00f3 su opini\u00f3n sobre este gran evento organizado por el DIF Municipal y el Ayuntamiento de Poza Rica.<\/p>\n<p style=\"text-align: justify\">\u201cEs buena iniciativa del alcalde y su esposa, porque permite consolidar a las familias. Comentaba con mi esposa que es el primer presidente que se ha involucrado en convivir con las familias, esto a nosotros nos da seguridad y confianza. Genera un ambiente de armon\u00eda con nuestras autoridades. Si le damos una calificaci\u00f3n del 5 al 10, le doy la mejor. \u00cdbamos a ir en familia a la Iglesia, nunca faltamos, pero verlos involucrados, nos invito a permanecer hasta el final\u201d.<\/p>\n<p style=\"text-align: justify\">Fuente: Comunicaci\u00f3n Social Poza Rica<\/p>\n\n","protected":false},"excerpt":{"rendered":"<p>Visitas: 0Este primer domingo de marzo fue de alegr\u00eda y uni\u00f3n entre cientos de familias que acudieron a la convocatoria de la presidenta del Sistema Municipal DIF, Araceli S\u00e1nchez de Quiroz, las sonrisas de ni\u00f1os y ni\u00f1as contagiaron a sus padres, todos y todas divertidos al ritmo de la m\u00fasica, de los juegos, de la [&hellip;]<\/p>\n","protected":false},"author":2,"featured_media":0,"comment_status":"open","ping_status":"open","sticky":false,"template":"","format":"standard","meta":{"footnotes":""},"categories":[213],"tags":[],"class_list":{"0":"post-169343","1":"post","2":"type-post","3":"status-publish","4":"format-standard","6":"category-poza-rica"},"nelio_content":{"isAutoShareEnabled":true,"autoShareEndMode":"never","automationSources":{"useCustomSentences":false,"customSentences":[]},"followers":[],"suggestedReferences":[],"efiUrl":"","efiAlt":"","highlights":[],"permalinkQueryArgs":[],"series":[]},"_links":{"self":[{"href":"https:\/\/www.enteratever.com\/2023\/wp-json\/wp\/v2\/posts\/169343","targetHints":{"allow":["GET"]}}],"collection":[{"href":"https:\/\/www.enteratever.com\/2023\/wp-json\/wp\/v2\/posts"}],"about":[{"href":"https:\/\/www.enteratever.com\/2023\/wp-json\/wp\/v2\/types\/post"}],"author":[{"embeddable":true,"href":"https:\/\/www.enteratever.com\/2023\/wp-json\/wp\/v2\/users\/2"}],"replies":[{"embeddable":true,"href":"https:\/\/www.enteratever.com\/2023\/wp-json\/wp\/v2\/comments?post=169343"}],"version-history":[{"count":0,"href":"https:\/\/www.enteratever.com\/2023\/wp-json\/wp\/v2\/posts\/169343\/revisions"}],"wp:attachment":[{"href":"https:\/\/www.enteratever.com\/2023\/wp-json\/wp\/v2\/media?parent=169343"}],"wp:term":[{"taxonomy":"category","embeddable":true,"href":"https:\/\/www.enteratever.com\/2023\/wp-json\/wp\/v2\/categories?post=169343"},{"taxonomy":"post_tag","embeddable":true,"href":"https:\/\/www.enteratever.com\/2023\/wp-json\/wp\/v2\/tags?post=169343"}],"curies":[{"name":"wp","href":"https:\/\/api.w.org\/{rel}","templated":true}]}}