{"id":169337,"date":"2014-03-02T05:54:17","date_gmt":"2014-03-02T05:54:17","guid":{"rendered":"https:\/\/www.enteratever.com\/2023\/celebra-dif-como-familia-pozarricense\/"},"modified":"2014-03-02T05:54:17","modified_gmt":"2014-03-02T05:54:17","slug":"celebra-dif-como-familia-pozarricense","status":"publish","type":"post","link":"https:\/\/www.enteratever.com\/2023\/2014\/03\/02\/celebra-dif-como-familia-pozarricense\/","title":{"rendered":"Celebra DIF como familia pozarricense"},"content":{"rendered":"<p>Visitas: 0<\/p><figure id=\"attachment_35822\" aria-describedby=\"caption-attachment-35822\" style=\"width: 660px\" class=\"wp-caption aligncenter\"><a href=\"http:\/\/www.enteratever.com\/wp-content\/uploads\/2014\/03\/IMG_5331.jpg\"><img loading=\"lazy\" decoding=\"async\" class=\"size-full wp-image-35822\" alt=\"Celebra DIF como familia pozarricense\" src=\"http:\/\/www.enteratever.com\/wp-content\/uploads\/2014\/03\/IMG_5331.jpg\" width=\"660\" height=\"440\" \/><\/a><figcaption id=\"caption-attachment-35822\" class=\"wp-caption-text\">Celebra DIF como familia pozarricense<\/figcaption><\/figure>\n<p style=\"text-align: justify\">La familia es el principio fundamental de la sociedad, este domingo se celebra el D\u00eda de la Familia, por ello la profesora Araceli S\u00e1nchez de Quiroz, presidenta del Sistema Municipal para el Desarrollo Integral de la Familia (DIF), invita cordialmente a padres y madres para realizar convivencia para convertirse en la m\u00e1s grande de Poza Rica.<!--more--><\/p>\n<p style=\"text-align: justify\">El ambiente de armon\u00eda para celebrar el D\u00eda de la Familia comenz\u00f3 este s\u00e1bado, al organizarse una amena fiesta que le inyect\u00f3 alegr\u00eda a los adultos mayores de Casa de los Abuelos, gracias a la participaci\u00f3n entusiasta de ni\u00f1as y ni\u00f1os de Casa de la Luna y Casa del Sol. Todos reunidos como una sola familia, encabezada por Araceli S\u00e1nchez de Quiroz, quien se dedic\u00f3 en hacerlos felices.<\/p>\n<p style=\"text-align: justify\">Con los buenos principios, del cari\u00f1o, el respeto y la f\u00e9, las ni\u00f1as y los ni\u00f1os disfrutaron de juegos organizados por la profesora Araceli S\u00e1nchez de Quiroz. Como madre de familia les ofreci\u00f3 en comuni\u00f3n los sagrados alimentos, luego de ver una pel\u00edcula de entretenimiento y las cl\u00e1sicas palomitas.<\/p>\n<p style=\"text-align: justify\">Posteriormente, se trasladaron a la Casa de los Abuelos, donde ni\u00f1as y ni\u00f1os le ofrecieron un programa art\u00edstico a las personas de la tercera edad que est\u00e1n bajo la tutela del DIF Municipal. La presidenta Araceli S\u00e1nchez de Quiroz atendi\u00f3 con paciencia a cada uno de los que integran a esta gran familia que le recibe con amor y confianza.<\/p>\n<p style=\"text-align: justify\">A Don Patricio le gusta cantar, los adultos mayores no quisieron quedarse atr\u00e1s y le animaron para que cantara. Lo hizo especialmente para Araceli S\u00e1nchez de Quiroz, a quien le expres\u00f3 p\u00fablicamente su cari\u00f1o,\u00a0 \u201cvoy a llorar, porque es buena gente. Oigo su voz y s\u00e9 que es una persona muy linda y muy buena gente\u201d.<\/p>\n<p style=\"text-align: justify\">La presidenta del DIF Poza Rica, Araceli S\u00e1nchez de Quiroz, dio a conocer que este domingo se llevar\u00e1 a cabo la convivencia de padres, madres, hijos e hijas, a partir de las diez de la ma\u00f1ana en el Estadio Heriberto Jara Corona, con el objetivo de estrechar lazos de unidad en el n\u00facleo social.<\/p>\n<p style=\"text-align: justify\">Cada integrante de una familia, son los pilares m\u00e1s importantes para forjar un destino, pero principalmente los hijos y las hijas son quienes reflejar\u00e1n los principios que inculcaron los responsables de su desarrollo y de su entorno social, por ello espera la titular de esta instituci\u00f3n la participaci\u00f3n entusiasta de los y las pozarricenses.<\/p>\n","protected":false},"excerpt":{"rendered":"<p>Visitas: 0La familia es el principio fundamental de la sociedad, este domingo se celebra el D\u00eda de la Familia, por ello la profesora Araceli S\u00e1nchez de Quiroz, presidenta del Sistema Municipal para el Desarrollo Integral de la Familia (DIF), invita cordialmente a padres y madres para realizar convivencia para convertirse en la m\u00e1s grande de [&hellip;]<\/p>\n","protected":false},"author":2,"featured_media":0,"comment_status":"open","ping_status":"open","sticky":false,"template":"","format":"standard","meta":{"footnotes":""},"categories":[213],"tags":[],"class_list":{"0":"post-169337","1":"post","2":"type-post","3":"status-publish","4":"format-standard","6":"category-poza-rica"},"nelio_content":{"isAutoShareEnabled":true,"autoShareEndMode":"never","automationSources":{"useCustomSentences":false,"customSentences":[]},"followers":[],"suggestedReferences":[],"efiUrl":"","efiAlt":"","highlights":[],"permalinkQueryArgs":[],"series":[]},"_links":{"self":[{"href":"https:\/\/www.enteratever.com\/2023\/wp-json\/wp\/v2\/posts\/169337","targetHints":{"allow":["GET"]}}],"collection":[{"href":"https:\/\/www.enteratever.com\/2023\/wp-json\/wp\/v2\/posts"}],"about":[{"href":"https:\/\/www.enteratever.com\/2023\/wp-json\/wp\/v2\/types\/post"}],"author":[{"embeddable":true,"href":"https:\/\/www.enteratever.com\/2023\/wp-json\/wp\/v2\/users\/2"}],"replies":[{"embeddable":true,"href":"https:\/\/www.enteratever.com\/2023\/wp-json\/wp\/v2\/comments?post=169337"}],"version-history":[{"count":0,"href":"https:\/\/www.enteratever.com\/2023\/wp-json\/wp\/v2\/posts\/169337\/revisions"}],"wp:attachment":[{"href":"https:\/\/www.enteratever.com\/2023\/wp-json\/wp\/v2\/media?parent=169337"}],"wp:term":[{"taxonomy":"category","embeddable":true,"href":"https:\/\/www.enteratever.com\/2023\/wp-json\/wp\/v2\/categories?post=169337"},{"taxonomy":"post_tag","embeddable":true,"href":"https:\/\/www.enteratever.com\/2023\/wp-json\/wp\/v2\/tags?post=169337"}],"curies":[{"name":"wp","href":"https:\/\/api.w.org\/{rel}","templated":true}]}}