{"id":169336,"date":"2014-03-02T02:03:45","date_gmt":"2014-03-02T02:03:45","guid":{"rendered":"https:\/\/www.enteratever.com\/2023\/poza-rica-se-ilumina-de-rosa\/"},"modified":"2014-03-02T02:03:45","modified_gmt":"2014-03-02T02:03:45","slug":"poza-rica-se-ilumina-de-rosa","status":"publish","type":"post","link":"https:\/\/www.enteratever.com\/2023\/2014\/03\/02\/poza-rica-se-ilumina-de-rosa\/","title":{"rendered":"Poza Rica se ilumina de rosa"},"content":{"rendered":"<p>Visitas: 0<\/p><p style=\"text-align: center\"><img loading=\"lazy\" decoding=\"async\" class=\"aligncenter size-full wp-image-35815\" alt=\"Poza339\" src=\"http:\/\/www.enteratever.com\/wp-content\/uploads\/2014\/03\/Poza339.jpg\" width=\"670\" height=\"446\" \/><\/p>\n<p style=\"text-align: justify\">El pilar mas importante en la familia es la mujer, expres\u00f3 la presidenta del Sistema Municipal para el Desarrollo Integral de la Familia (DIF), Araceli S\u00e1nchez de Quiroz, al encabezar la inauguraci\u00f3n de los festejos del D\u00eda Internacional de la Mujer.<!--more--><\/p>\n<p style=\"text-align: justify\">Con el alumbrado p\u00fablico que da un ambiente en rosa en los espacios p\u00fablicos de La Maquinita Cobos-Furberos, sobre el bulevar Adolfo Ruiz Cort\u00ednes; el Reloj de la Paz, donde converge esta vialidad con las avenidas 20 de Noviembre y Puebla; as\u00ed tambi\u00e9n la iluminaci\u00f3n del \u00e1rbol de cedro que se encuentra en la explanada del Palacio Municipal, son los puntos estrat\u00e9gicos para recordar a la poblaci\u00f3n que el 8 de marzo se conmemora el D\u00eda Internacional de la Mujer.<\/p>\n<p style=\"text-align: center\"><img loading=\"lazy\" decoding=\"async\" class=\"aligncenter size-full wp-image-35817\" alt=\"Poza339_3\" src=\"http:\/\/www.enteratever.com\/wp-content\/uploads\/2014\/03\/Poza339_3.jpg\" width=\"670\" height=\"446\" \/><\/p>\n<p style=\"text-align: justify\">La mujer tiene un papel primordial en la sociedad, Araceli S\u00e1nchez de Quiroz dijo que es quiencumple diversas responsabilidades, desde el cuidado y bienestar de los hijos, la administraci\u00f3n delhogar y las labores dom\u00e9sticas, as\u00ed como el compromiso de desempe\u00f1ar una profesi\u00f3n.<\/p>\n<p style=\"text-align: justify\">Acompa\u00f1ada en este acto simb\u00f3lico por la directora del Instituto Municipal de la Mujer (IMM), Cecilia Guevara de El\u00edas, la presidenta del Sistema Municipal DIF manifest\u00f3 que las mujeres deben celebrar todos los d\u00edas del a\u00f1o, porque realiza una labor de manera interminable.<\/p>\n<p style=\"text-align: justify\">En el Mes de la Mujer se iniciar\u00e1 la primera semana con una feria, ser\u00e1 este lunes a partir de las o de la ma\u00f1ana con 30 minutos que se dar\u00e1 inicio oficialmente a las festividades, la directora del IMM, Cecilia Guevara de El\u00edas, inform\u00f3 que el 8 de Marzo se llevar\u00e1 a cabo una marcha, a partir del Reloj de la Paz, entre las avenidas 20 de Noviembre y Puebla, hacia la Plaza C\u00edvica 18 de Marzo.<\/p>\n<p style=\"text-align: center\"><img loading=\"lazy\" decoding=\"async\" class=\"aligncenter size-full wp-image-35816\" alt=\"Poza339_1\" src=\"http:\/\/www.enteratever.com\/wp-content\/uploads\/2014\/03\/Poza339_1.jpg\" width=\"670\" height=\"446\" \/><\/p>\n<p style=\"text-align: justify\">Estos eventos tambi\u00e9n ser\u00e1n trasladados al Parque Tem\u00e1tico Takils\u00fakutl, durante la edici\u00f3n de Cumbre Taj\u00edn. A\u00f1adi\u00f3 que se cerrar\u00e1 con broche de oro invitando a las mujeres para que participen en la carrerea atl\u00e9tica.<\/p>\n<p style=\"text-align: justify\">A este evento simb\u00f3lico asistieron la regidora comisionada en Ecolog\u00eda y Protecci\u00f3n Civil, Silvia Ortega Galindo; la coordinadora de Salud Mental y Adicciones de la Jurisdicci\u00f3n Sanitaria No. 3, Mayra Melissa G\u00f3mez Cruz, en representaci\u00f3n de la jefa Mar\u00eda del Rosario Espinoza Gloria, as\u00ed como integrantes del voluntariado y promotoras del DIF Municipal.<\/p>\n<p style=\"text-align: center\"><img loading=\"lazy\" decoding=\"async\" class=\"aligncenter size-full wp-image-35818\" alt=\"Poza339_2\" src=\"http:\/\/www.enteratever.com\/wp-content\/uploads\/2014\/03\/Poza339_21.jpg\" width=\"670\" height=\"446\" \/><\/p>\n","protected":false},"excerpt":{"rendered":"<p>Visitas: 0 El pilar mas importante en la familia es la mujer, expres\u00f3 la presidenta del Sistema Municipal para el Desarrollo Integral de la Familia (DIF), Araceli S\u00e1nchez de Quiroz, al encabezar la inauguraci\u00f3n de los festejos del D\u00eda Internacional de la Mujer.<\/p>\n","protected":false},"author":2,"featured_media":0,"comment_status":"open","ping_status":"open","sticky":false,"template":"","format":"standard","meta":{"footnotes":""},"categories":[213],"tags":[],"class_list":{"0":"post-169336","1":"post","2":"type-post","3":"status-publish","4":"format-standard","6":"category-poza-rica"},"nelio_content":{"isAutoShareEnabled":true,"autoShareEndMode":"never","automationSources":{"useCustomSentences":false,"customSentences":[]},"followers":[],"suggestedReferences":[],"efiUrl":"","efiAlt":"","highlights":[],"permalinkQueryArgs":[],"series":[]},"_links":{"self":[{"href":"https:\/\/www.enteratever.com\/2023\/wp-json\/wp\/v2\/posts\/169336","targetHints":{"allow":["GET"]}}],"collection":[{"href":"https:\/\/www.enteratever.com\/2023\/wp-json\/wp\/v2\/posts"}],"about":[{"href":"https:\/\/www.enteratever.com\/2023\/wp-json\/wp\/v2\/types\/post"}],"author":[{"embeddable":true,"href":"https:\/\/www.enteratever.com\/2023\/wp-json\/wp\/v2\/users\/2"}],"replies":[{"embeddable":true,"href":"https:\/\/www.enteratever.com\/2023\/wp-json\/wp\/v2\/comments?post=169336"}],"version-history":[{"count":0,"href":"https:\/\/www.enteratever.com\/2023\/wp-json\/wp\/v2\/posts\/169336\/revisions"}],"wp:attachment":[{"href":"https:\/\/www.enteratever.com\/2023\/wp-json\/wp\/v2\/media?parent=169336"}],"wp:term":[{"taxonomy":"category","embeddable":true,"href":"https:\/\/www.enteratever.com\/2023\/wp-json\/wp\/v2\/categories?post=169336"},{"taxonomy":"post_tag","embeddable":true,"href":"https:\/\/www.enteratever.com\/2023\/wp-json\/wp\/v2\/tags?post=169336"}],"curies":[{"name":"wp","href":"https:\/\/api.w.org\/{rel}","templated":true}]}}