{"id":169335,"date":"2014-03-02T03:00:16","date_gmt":"2014-03-02T03:00:16","guid":{"rendered":"https:\/\/www.enteratever.com\/2023\/35806-2\/"},"modified":"2014-03-02T03:00:16","modified_gmt":"2014-03-02T03:00:16","slug":"35806-2","status":"publish","type":"post","link":"https:\/\/www.enteratever.com\/2023\/2014\/03\/02\/35806-2\/","title":{"rendered":"Loter\u00eda con causa"},"content":{"rendered":"<p>Visitas: 0<\/p><p style=\"text-align: center\"><img loading=\"lazy\" decoding=\"async\" class=\"aligncenter size-full wp-image-35807\" alt=\"Poza338\" src=\"http:\/\/www.enteratever.com\/wp-content\/uploads\/2014\/03\/Poza338.jpg\" width=\"604\" height=\"453\" \/><\/p>\n<p style=\"text-align: justify\">Por: Jazm\u00edn Morales Silva.<\/p>\n<p style=\"text-align: justify\">Se llevar\u00e1 a cabo una loter\u00eda este domingo 02 de marzo a la 3:00 de la tarde en la colonia Santa Emilia de Poza Rica, para apoyar al joven Jorge Alberto Carrera Lagun\u00e9s quien tiene par\u00e1lisis cerebral, manifest\u00f3 Sara Casanova Cordova, organizadora.<!--more--><\/p>\n<p style=\"text-align: justify\">\u201cEn la loter\u00eda se obtendr\u00e1n muy buenos premios, asimismo los asistentes apoyaran para el tratamiento que Jorge requiere\u201d agreg\u00f3.<\/p>\n<p style=\"text-align: justify\">El evento se realizar\u00e1 en la Colonia Santa Emilia, calle Leona Vicario n\u00famero 117, adem\u00e1s de la loter\u00eda habr\u00e1 antojitos mexicanos, todo el dinero recaudado ser\u00e1 destinado para Jorge Alberto, afirm\u00f3 Sara Casanova.<\/p>\n<p style=\"text-align: justify\"><a href=\"http:\/\/www.enteratever.com\/wp-content\/uploads\/2014\/03\/Poza338_1.jpg\"><img loading=\"lazy\" decoding=\"async\" class=\"aligncenter size-full wp-image-35808\" alt=\"Poza338_1\" src=\"http:\/\/www.enteratever.com\/wp-content\/uploads\/2014\/03\/Poza338_1.jpg\" width=\"553\" height=\"960\" \/><\/a><\/p>\n<p style=\"text-align: justify\">Manifest\u00f3 que el joven que actualmente tiene 24 a\u00f1os de edad, dedicaba su vida para ayudar a los ni\u00f1os del CRIT Poza Rica. Su enfermedad inici\u00f3 como un simple dolor de cabeza y aunque ya tiene un tiempo con esta enfermedad a\u00fan hay esperanza para que se pueda curar.<\/p>\n","protected":false},"excerpt":{"rendered":"<p>Visitas: 0 Por: Jazm\u00edn Morales Silva. Se llevar\u00e1 a cabo una loter\u00eda este domingo 02 de marzo a la 3:00 de la tarde en la colonia Santa Emilia de Poza Rica, para apoyar al joven Jorge Alberto Carrera Lagun\u00e9s quien tiene par\u00e1lisis cerebral, manifest\u00f3 Sara Casanova Cordova, organizadora.<\/p>\n","protected":false},"author":2,"featured_media":0,"comment_status":"open","ping_status":"open","sticky":false,"template":"","format":"standard","meta":{"footnotes":""},"categories":[299,213],"tags":[],"class_list":{"0":"post-169335","1":"post","2":"type-post","3":"status-publish","4":"format-standard","6":"category-notas-locales","7":"category-poza-rica"},"nelio_content":{"isAutoShareEnabled":true,"autoShareEndMode":"never","automationSources":{"useCustomSentences":false,"customSentences":[]},"followers":[],"suggestedReferences":[],"efiUrl":"","efiAlt":"","highlights":[],"permalinkQueryArgs":[],"series":[]},"_links":{"self":[{"href":"https:\/\/www.enteratever.com\/2023\/wp-json\/wp\/v2\/posts\/169335","targetHints":{"allow":["GET"]}}],"collection":[{"href":"https:\/\/www.enteratever.com\/2023\/wp-json\/wp\/v2\/posts"}],"about":[{"href":"https:\/\/www.enteratever.com\/2023\/wp-json\/wp\/v2\/types\/post"}],"author":[{"embeddable":true,"href":"https:\/\/www.enteratever.com\/2023\/wp-json\/wp\/v2\/users\/2"}],"replies":[{"embeddable":true,"href":"https:\/\/www.enteratever.com\/2023\/wp-json\/wp\/v2\/comments?post=169335"}],"version-history":[{"count":0,"href":"https:\/\/www.enteratever.com\/2023\/wp-json\/wp\/v2\/posts\/169335\/revisions"}],"wp:attachment":[{"href":"https:\/\/www.enteratever.com\/2023\/wp-json\/wp\/v2\/media?parent=169335"}],"wp:term":[{"taxonomy":"category","embeddable":true,"href":"https:\/\/www.enteratever.com\/2023\/wp-json\/wp\/v2\/categories?post=169335"},{"taxonomy":"post_tag","embeddable":true,"href":"https:\/\/www.enteratever.com\/2023\/wp-json\/wp\/v2\/tags?post=169335"}],"curies":[{"name":"wp","href":"https:\/\/api.w.org\/{rel}","templated":true}]}}