{"id":169332,"date":"2014-03-01T01:52:42","date_gmt":"2014-03-01T01:52:42","guid":{"rendered":"https:\/\/www.enteratever.com\/2023\/fortalece-dif-lazos-con-instituciones-a-favor-de-la-mujer\/"},"modified":"2014-03-01T01:52:42","modified_gmt":"2014-03-01T01:52:42","slug":"fortalece-dif-lazos-con-instituciones-a-favor-de-la-mujer","status":"publish","type":"post","link":"https:\/\/www.enteratever.com\/2023\/2014\/03\/01\/fortalece-dif-lazos-con-instituciones-a-favor-de-la-mujer\/","title":{"rendered":"Fortalece DIF lazos con instituciones a favor de la mujer"},"content":{"rendered":"<p>Visitas: 0<\/p><figure id=\"attachment_35694\" aria-describedby=\"caption-attachment-35694\" style=\"width: 659px\" class=\"wp-caption aligncenter\"><a href=\"http:\/\/www.enteratever.com\/wp-content\/uploads\/2014\/02\/IMG_-5.jpg\"><img loading=\"lazy\" decoding=\"async\" class=\"size-full wp-image-35694\" alt=\"Fortalece DIF lazos con instituciones a favor de la mujer\" src=\"http:\/\/www.enteratever.com\/wp-content\/uploads\/2014\/02\/IMG_-5.jpg\" width=\"659\" height=\"442\" \/><\/a><figcaption id=\"caption-attachment-35694\" class=\"wp-caption-text\">Fortalece DIF lazos con instituciones a favor de la mujer<\/figcaption><\/figure>\n<p style=\"text-align: justify\">Las mujeres de Poza Rica recibir\u00e1n merecido reconocimiento por los diversos organismos p\u00fablicos y privados, realizando un esfuerzo en conjunto, encabezado por la Primera Dama de nuestra ciudad, la profesora Araceli S\u00e1nchez de Quiroz, quien mantiene estrecha comunicaci\u00f3n con el Instituto Municipal de la Mujer, la Regidur\u00eda comisionada en Equidad de G\u00e9nero, la Jurisdicci\u00f3n Sanitaria No. 3 y Centro de Integraci\u00f3n Juvenil, el objetivo es fortalecer su autoestima.<!--more--><\/p>\n<p style=\"text-align: justify\">Tras varias reuniones de log\u00edstica por realizar una agenda de 30 d\u00edas actividades en conmemoraci\u00f3n del D\u00eda Internacional de la Mujer , la presidenta del Sistema Municipal DIF, Araceli S\u00e1nchez de Quiroz, se reuni\u00f3 con la directora del Instituto Municipal de la Mujer, Cecilia Guevara de El\u00edas; as\u00ed como con la regidora en Equidad de G\u00e9nero, Sandra Irasema P\u00e9rez Herrera; la jefa de la Jurisdicci\u00f3n Sanitaria No. 3, Mar\u00eda del Rosario Espinoza Gloria; y la directora del Centro de Integraci\u00f3n Juvenil, Carolina Luna Delgado.<\/p>\n<p style=\"text-align: justify\">De manera entusiasta las representantes de cada instituci\u00f3n colaboro con acciones en atenci\u00f3n para las pozarricenses con la Feria de la Mujer, organizaron eventos durante 30 d\u00edas y arrancar\u00e1n el d\u00eda primero de marzo, con el alumbrado en rosa, encendido que se realizar\u00e1 en La Maquinita, sobre el bulevar Adolfo Ruiz Cort\u00ednes, que converge con la avenida Preparatoria del fraccionamiento Las Palmas.<\/p>\n<p style=\"text-align: justify\">En lo que corresponde a la primera semana de la Feria de la Mujer, con stands que brindaran diversos servicios, se instalar\u00e1 la Feria de la Mujer. En la primera semana que comprende del 3 al 7 de marzo, el parque Benito Ju\u00e1rez ser\u00e1 sede de las actividades, a partir de las nueve de la ma\u00f1ana y hasta las tres de la tarde con la Unidad M\u00f3vil de Ex\u00e1menes Ginecol\u00f3gicos, esto con el apoyo de la Secretaria de Salud de Veracruz.<\/p>\n<p style=\"text-align: justify\">As\u00ed tambi\u00e9n el DIF Municipal apoyar\u00e1 con ex\u00e1menes gratuitos de nutrici\u00f3n, mastograf\u00eda, odontolog\u00eda y medicina general. Por parte del Instituto Municipal de la Mujer, se contar\u00e1 con apoyo y orientaci\u00f3n en el \u00e1rea de psicolog\u00eda, trabajo social y jur\u00eddica. Por el Centro de Integraci\u00f3n Juvenil, tambi\u00e9n se brindara informaci\u00f3n en la prevenci\u00f3n de adicciones y talleres que se imparten.<br \/>\nSe suman en la causa por la mujer pozarricense, empresas con servicios en salud y belleza, as\u00ed como institutos que ofrecen programas educativos.<\/p>\n<p style=\"text-align: justify\">Para cerrar la primer fase de la Feria de la Mujer, se ofrecer\u00e1 una conferencia denominada \u201cMujeres apoyando a Mujeres\u201d, impartida por la terapeuta certificada, Dulce Mar\u00eda de Guadalupe Rodr\u00edguez Villa, esto en el auditorio municipal \u201cRafael Hern\u00e1ndez Ochoa\u201d, de diez de la ma\u00f1ana a las doce del d\u00eda.<\/p>\n","protected":false},"excerpt":{"rendered":"<p>Visitas: 0Las mujeres de Poza Rica recibir\u00e1n merecido reconocimiento por los diversos organismos p\u00fablicos y privados, realizando un esfuerzo en conjunto, encabezado por la Primera Dama de nuestra ciudad, la profesora Araceli S\u00e1nchez de Quiroz, quien mantiene estrecha comunicaci\u00f3n con el Instituto Municipal de la Mujer, la Regidur\u00eda comisionada en Equidad de G\u00e9nero, la Jurisdicci\u00f3n [&hellip;]<\/p>\n","protected":false},"author":2,"featured_media":0,"comment_status":"open","ping_status":"open","sticky":false,"template":"","format":"standard","meta":{"footnotes":""},"categories":[213],"tags":[],"class_list":{"0":"post-169332","1":"post","2":"type-post","3":"status-publish","4":"format-standard","6":"category-poza-rica"},"nelio_content":{"isAutoShareEnabled":true,"autoShareEndMode":"never","automationSources":{"useCustomSentences":false,"customSentences":[]},"followers":[],"suggestedReferences":[],"efiUrl":"","efiAlt":"","highlights":[],"permalinkQueryArgs":[],"series":[]},"_links":{"self":[{"href":"https:\/\/www.enteratever.com\/2023\/wp-json\/wp\/v2\/posts\/169332","targetHints":{"allow":["GET"]}}],"collection":[{"href":"https:\/\/www.enteratever.com\/2023\/wp-json\/wp\/v2\/posts"}],"about":[{"href":"https:\/\/www.enteratever.com\/2023\/wp-json\/wp\/v2\/types\/post"}],"author":[{"embeddable":true,"href":"https:\/\/www.enteratever.com\/2023\/wp-json\/wp\/v2\/users\/2"}],"replies":[{"embeddable":true,"href":"https:\/\/www.enteratever.com\/2023\/wp-json\/wp\/v2\/comments?post=169332"}],"version-history":[{"count":0,"href":"https:\/\/www.enteratever.com\/2023\/wp-json\/wp\/v2\/posts\/169332\/revisions"}],"wp:attachment":[{"href":"https:\/\/www.enteratever.com\/2023\/wp-json\/wp\/v2\/media?parent=169332"}],"wp:term":[{"taxonomy":"category","embeddable":true,"href":"https:\/\/www.enteratever.com\/2023\/wp-json\/wp\/v2\/categories?post=169332"},{"taxonomy":"post_tag","embeddable":true,"href":"https:\/\/www.enteratever.com\/2023\/wp-json\/wp\/v2\/tags?post=169332"}],"curies":[{"name":"wp","href":"https:\/\/api.w.org\/{rel}","templated":true}]}}