{"id":169331,"date":"2014-03-01T02:10:08","date_gmt":"2014-03-01T02:10:08","guid":{"rendered":"https:\/\/www.enteratever.com\/2023\/recuerdan-a-cuauhtemoc\/"},"modified":"2014-03-01T02:10:08","modified_gmt":"2014-03-01T02:10:08","slug":"recuerdan-a-cuauhtemoc","status":"publish","type":"post","link":"https:\/\/www.enteratever.com\/2023\/2014\/03\/01\/recuerdan-a-cuauhtemoc\/","title":{"rendered":"Recuerdan a Cuauht\u00e9moc"},"content":{"rendered":"<p>Visitas: 0<\/p><figure id=\"attachment_35685\" aria-describedby=\"caption-attachment-35685\" style=\"width: 660px\" class=\"wp-caption aligncenter\"><a href=\"http:\/\/www.enteratever.com\/wp-content\/uploads\/2014\/02\/IMG_1575.jpg\"><img loading=\"lazy\" decoding=\"async\" class=\"size-full wp-image-35685\" alt=\"Recuerdan a Cuauht\u00e9moc\" src=\"http:\/\/www.enteratever.com\/wp-content\/uploads\/2014\/02\/IMG_1575.jpg\" width=\"660\" height=\"440\" \/><\/a><figcaption id=\"caption-attachment-35685\" class=\"wp-caption-text\">Recuerdan a Cuauht\u00e9moc<\/figcaption><\/figure>\n<p style=\"text-align: justify\">Por: Jazm\u00edn Morales Silva<\/p>\n<p style=\"text-align: justify\">Conmemoran el 489 aniversario luctuoso de emperador azteca Cuauht\u00e9moc en Poza Rica, la ma\u00f1ana de este viernes a las 9:00 horas, en la escuela del mismo nombre con una guardia de honor y el izamiento de bandera a media asta, \u201choy estamos aqu\u00ed para rendir tributo a ese h\u00e9roe de la historia que defendi\u00f3 a su pueblo con mucha valent\u00eda, lucho y lucho y as\u00ed se form\u00f3 parte de la historia\u201d manifest\u00f3 Jaime Hern\u00e1ndez S\u00e1nchez Director del Plantel Educativo.<!--more--><\/p>\n<p style=\"text-align: justify\">La ceremonia luctuosa que inici\u00f3 con el himno nacional mexicanos para posteriormente izar la bandera a media asta y luego un peque\u00f1o disfrazado del guerrero dio lectura a una peque\u00f1a biograf\u00eda de la vida del emperador azteca.<\/p>\n<p style=\"text-align: justify\">Posteriormente un grupo de alumnos recit\u00f3 una poes\u00eda frente a la mesa de las autoridades municipales, alumnos y a los padres de familia que se encontraban en el lugar.<\/p>\n<figure id=\"attachment_35686\" aria-describedby=\"caption-attachment-35686\" style=\"width: 660px\" class=\"wp-caption aligncenter\"><a href=\"http:\/\/www.enteratever.com\/wp-content\/uploads\/2014\/02\/IMG_1550.jpg\"><img loading=\"lazy\" decoding=\"async\" class=\"size-full wp-image-35686\" alt=\"Recuerdan a Cuauht\u00e9moc\" src=\"http:\/\/www.enteratever.com\/wp-content\/uploads\/2014\/02\/IMG_1550.jpg\" width=\"660\" height=\"440\" \/><\/a><figcaption id=\"caption-attachment-35686\" class=\"wp-caption-text\">Recuerdan a Cuauht\u00e9moc<\/figcaption><\/figure>\n<p style=\"text-align: justify\">Tambi\u00e9n el director del plantel dijo\u201d Yo siempre le digo a mis alumnos vamos a al guerrero de Cuauht\u00e9moc, pero no luchando ya son otros tiempos, sino estudiando, comport\u00e1ndose, aplicando los valores que en la familia les han ense\u00f1ado de esa manera vamos a honrar su memoria\u2026\u201d<\/p>\n<p style=\"text-align: justify\">El evento concluy\u00f3 con una ofrenda floral y una guardia de honor de las autoridades municipales y los directivos, frente al busto de Cuauht\u00e9moc.<\/p>\n<p style=\"text-align: justify\">Al evento asistieron In\u00e9s Adriana G\u00f3mez Garc\u00eda Sindica \u00danica del Ayuntamiento de Poza Rica, Macario Escudero Samurano Subdirector de Educaci\u00f3n, Virginia Freyre Armida, regidora comisionada en parque y jardines, Francisco Casares Echeverr\u00eda regidor comisionado en tr\u00e1nsito y vialidad, Diego Torres Hoyos Secretario de desarrollo sustentable, Julio C\u00e9sar Cruz L\u00f3pez coordinador general de polic\u00eda intermunicipal, Poza Rica, Tihuatl\u00e1n y Coatzintla, as\u00ed como Jaime Hern\u00e1ndez S\u00e1nchez Director del plantel, Rosario Laraga Avenda\u00f1o Sub directora del plantel y Susana Ramos Tristan representante de los padres de familia.<\/p>\n","protected":false},"excerpt":{"rendered":"<p>Visitas: 0 Por: Jazm\u00edn Morales Silva Conmemoran el 489 aniversario luctuoso de emperador azteca Cuauht\u00e9moc en Poza Rica, la ma\u00f1ana de este viernes a las 9:00 horas, en la escuela del mismo nombre con una guardia de honor y el izamiento de bandera a media asta, \u201choy estamos aqu\u00ed para rendir tributo a ese h\u00e9roe [&hellip;]<\/p>\n","protected":false},"author":2,"featured_media":0,"comment_status":"open","ping_status":"open","sticky":false,"template":"","format":"standard","meta":{"footnotes":""},"categories":[299,213],"tags":[],"class_list":{"0":"post-169331","1":"post","2":"type-post","3":"status-publish","4":"format-standard","6":"category-notas-locales","7":"category-poza-rica"},"nelio_content":{"isAutoShareEnabled":true,"autoShareEndMode":"never","automationSources":{"useCustomSentences":false,"customSentences":[]},"followers":[],"suggestedReferences":[],"efiUrl":"","efiAlt":"","highlights":[],"permalinkQueryArgs":[],"series":[]},"_links":{"self":[{"href":"https:\/\/www.enteratever.com\/2023\/wp-json\/wp\/v2\/posts\/169331","targetHints":{"allow":["GET"]}}],"collection":[{"href":"https:\/\/www.enteratever.com\/2023\/wp-json\/wp\/v2\/posts"}],"about":[{"href":"https:\/\/www.enteratever.com\/2023\/wp-json\/wp\/v2\/types\/post"}],"author":[{"embeddable":true,"href":"https:\/\/www.enteratever.com\/2023\/wp-json\/wp\/v2\/users\/2"}],"replies":[{"embeddable":true,"href":"https:\/\/www.enteratever.com\/2023\/wp-json\/wp\/v2\/comments?post=169331"}],"version-history":[{"count":0,"href":"https:\/\/www.enteratever.com\/2023\/wp-json\/wp\/v2\/posts\/169331\/revisions"}],"wp:attachment":[{"href":"https:\/\/www.enteratever.com\/2023\/wp-json\/wp\/v2\/media?parent=169331"}],"wp:term":[{"taxonomy":"category","embeddable":true,"href":"https:\/\/www.enteratever.com\/2023\/wp-json\/wp\/v2\/categories?post=169331"},{"taxonomy":"post_tag","embeddable":true,"href":"https:\/\/www.enteratever.com\/2023\/wp-json\/wp\/v2\/tags?post=169331"}],"curies":[{"name":"wp","href":"https:\/\/api.w.org\/{rel}","templated":true}]}}