{"id":169330,"date":"2014-03-01T12:07:40","date_gmt":"2014-03-01T12:07:40","guid":{"rendered":"https:\/\/www.enteratever.com\/2023\/en-agosto-concluyen-distribuidor-vial\/"},"modified":"2014-03-01T12:07:40","modified_gmt":"2014-03-01T12:07:40","slug":"en-agosto-concluyen-distribuidor-vial","status":"publish","type":"post","link":"https:\/\/www.enteratever.com\/2023\/2014\/03\/01\/en-agosto-concluyen-distribuidor-vial\/","title":{"rendered":"En agosto concluyen Distribuidor Vial"},"content":{"rendered":"<p>Visitas: 0<\/p><figure id=\"attachment_35677\" aria-describedby=\"caption-attachment-35677\" style=\"width: 660px\" class=\"wp-caption aligncenter\"><a href=\"http:\/\/www.enteratever.com\/wp-content\/uploads\/2014\/02\/la-foto-124.jpg\"><img loading=\"lazy\" decoding=\"async\" class=\"size-full wp-image-35677\" alt=\"En agosto concluyen Distribuidor Vial\" src=\"http:\/\/www.enteratever.com\/wp-content\/uploads\/2014\/02\/la-foto-124.jpg\" width=\"660\" height=\"495\" \/><\/a><figcaption id=\"caption-attachment-35677\" class=\"wp-caption-text\">En agosto concluyen Distribuidor Vial<\/figcaption><\/figure>\n<p style=\"text-align: justify\">El 31 de agosto es la fecha que se maneja para concluir el Distribuidor Vial asegura el regidor de vialidad Francisco C\u00e1zares quien agreg\u00f3 que depender\u00e1 de las condiciones del clima para que la empresa SIGMA concluya las obras.<!--more--><\/p>\n<p style=\"text-align: justify\">Indic\u00f3 que la compa\u00f1\u00eda \u00abha metido m\u00e1s personal que trabaja ma\u00f1ana y tarde noche\u00bb e indic\u00f3 que se han reunido con la subdirecci\u00f3n de PEP donde les informaron que toda va desarroll\u00e1ndose conforme a lo planeado.<\/p>\n<p style=\"text-align: justify\">En ese sentido PEMEX inform\u00f3 que en las oficinas de la Subdirecci\u00f3n Regi\u00f3n Norte de Pemex Exploraci\u00f3n y Producci\u00f3n, se llev\u00f3 a cabo una reuni\u00f3n en la que representantes de la Compa\u00f1\u00eda SIGMA realizaron una presentaci\u00f3n con el programa general de trabajo, los avances en los frentes, consideraciones generales y estado actual de la construcci\u00f3n del Distribuidor Vial de Poza Rica.<br \/>\nComo parte de los informes presentados, se notific\u00f3 que ser\u00e1 abierta la circulaci\u00f3n frente al Monumento a la Madre y que se eval\u00faa agilizar otras vialidades para no interferir en la circulaci\u00f3n hacia la Cumbre Taj\u00edn.<\/p>\n<p style=\"text-align: justify\">Asimismo, con el prop\u00f3sito de evitar obstrucciones al tr\u00e1nsito vehicular, se acord\u00f3 realizar revisiones continuas a la ubicaci\u00f3n de paradas de transporte p\u00fablico y personal de la empresa constructora, mediante la utilizaci\u00f3n de banderas, efectuar\u00e1 labores de agilizaci\u00f3n de la circulaci\u00f3n.<\/p>\n<p style=\"text-align: justify\">Se acord\u00f3 continuar con la revisi\u00f3n operativa semanal de avances de la construcci\u00f3n, la realizaci\u00f3n de reuniones quincenales multidisciplinarias para detectar necesidades e implementar un programa optimizado para que el Distribuidor Vial quede concluido a finales del presente a\u00f1o.<\/p>\n<p style=\"text-align: justify\">A esta reuni\u00f3n asistieron funcionarios de la Subdirecci\u00f3n de Producci\u00f3n Regi\u00f3n Norte, encabezados por el Ingeniero Antonio Narv\u00e1ez Ram\u00edrez; el Presidente Municipal de Poza Rica, C. Sergio Lorenzo Quiroz Cruz; representantes de Tr\u00e1nsito Estatal y Municipal; funcionarios de la Comisi\u00f3n Federal de Electricidad, de la Comisi\u00f3n del Agua del Estado de Veracruz y de Tel\u00e9fonos de M\u00e9xico.<\/p>\n","protected":false},"excerpt":{"rendered":"<p>Visitas: 0El 31 de agosto es la fecha que se maneja para concluir el Distribuidor Vial asegura el regidor de vialidad Francisco C\u00e1zares quien agreg\u00f3 que depender\u00e1 de las condiciones del clima para que la empresa SIGMA concluya las obras.<\/p>\n","protected":false},"author":2,"featured_media":0,"comment_status":"open","ping_status":"open","sticky":false,"template":"","format":"standard","meta":{"footnotes":""},"categories":[213],"tags":[],"class_list":{"0":"post-169330","1":"post","2":"type-post","3":"status-publish","4":"format-standard","6":"category-poza-rica"},"nelio_content":{"isAutoShareEnabled":true,"autoShareEndMode":"never","automationSources":{"useCustomSentences":false,"customSentences":[]},"followers":[],"suggestedReferences":[],"efiUrl":"","efiAlt":"","highlights":[],"permalinkQueryArgs":[],"series":[]},"_links":{"self":[{"href":"https:\/\/www.enteratever.com\/2023\/wp-json\/wp\/v2\/posts\/169330","targetHints":{"allow":["GET"]}}],"collection":[{"href":"https:\/\/www.enteratever.com\/2023\/wp-json\/wp\/v2\/posts"}],"about":[{"href":"https:\/\/www.enteratever.com\/2023\/wp-json\/wp\/v2\/types\/post"}],"author":[{"embeddable":true,"href":"https:\/\/www.enteratever.com\/2023\/wp-json\/wp\/v2\/users\/2"}],"replies":[{"embeddable":true,"href":"https:\/\/www.enteratever.com\/2023\/wp-json\/wp\/v2\/comments?post=169330"}],"version-history":[{"count":0,"href":"https:\/\/www.enteratever.com\/2023\/wp-json\/wp\/v2\/posts\/169330\/revisions"}],"wp:attachment":[{"href":"https:\/\/www.enteratever.com\/2023\/wp-json\/wp\/v2\/media?parent=169330"}],"wp:term":[{"taxonomy":"category","embeddable":true,"href":"https:\/\/www.enteratever.com\/2023\/wp-json\/wp\/v2\/categories?post=169330"},{"taxonomy":"post_tag","embeddable":true,"href":"https:\/\/www.enteratever.com\/2023\/wp-json\/wp\/v2\/tags?post=169330"}],"curies":[{"name":"wp","href":"https:\/\/api.w.org\/{rel}","templated":true}]}}