{"id":169326,"date":"2014-02-28T22:37:23","date_gmt":"2014-02-28T22:37:23","guid":{"rendered":"https:\/\/www.enteratever.com\/2023\/convocan-a-boicotear-el-desfile-del-18-de-marzo-en-poza-rica\/"},"modified":"2014-02-28T22:37:23","modified_gmt":"2014-02-28T22:37:23","slug":"convocan-a-boicotear-el-desfile-del-18-de-marzo-en-poza-rica","status":"publish","type":"post","link":"https:\/\/www.enteratever.com\/2023\/2014\/02\/28\/convocan-a-boicotear-el-desfile-del-18-de-marzo-en-poza-rica\/","title":{"rendered":"Convocan a boicotear el desfile del 18 de marzo en Poza Rica"},"content":{"rendered":"<p>Visitas: 3<\/p><figure id=\"attachment_35591\" aria-describedby=\"caption-attachment-35591\" style=\"width: 672px\" class=\"wp-caption aligncenter\"><a href=\"http:\/\/www.enteratever.com\/wp-content\/uploads\/2014\/02\/1912225_226857947505888_1984338184_n.jpg\"><img loading=\"lazy\" decoding=\"async\" class=\" wp-image-35591 \" alt=\"Convocan a boicotear el desfile del 18 de marzo en Poza Rica\" src=\"http:\/\/www.enteratever.com\/wp-content\/uploads\/2014\/02\/1912225_226857947505888_1984338184_n.jpg\" width=\"672\" height=\"504\" \/><\/a><figcaption id=\"caption-attachment-35591\" class=\"wp-caption-text\">Convocan a boicotear el desfile del 18 de marzo en Poza Rica<\/figcaption><\/figure>\n<p style=\"text-align: justify\">A trav\u00e9s de las redes sociales ciudadanos convocan a boicotear el desfile del 18 de marzo\u00a0como parte de las protestas en contra de las autoridades de todos los niveles.<!--more--><\/p>\n<p style=\"text-align: justify\">A trav\u00e9s de la p\u00e1gina de facebook ni uno m\u00e1s, relacionada con la marcha del jueves para demandar el alto a los secuestros de infantes, se demanda protestar con la ausencia de los ciudadanos en el desfile.<\/p>\n<p style=\"text-align: justify\">A trav\u00e9s de una fotograf\u00eda publicada la tarde del viernes se pide a los ciudadanos \u201cProtesta con tu ausencia. Evita asistir al desfile del 18 de marzo. Por la seguridad de nuestr@s hij@s. Ni un ni\u00f1o m\u00e1s.<\/p>\n<p style=\"text-align: justify\">Los comentarios sobre la convocatoria, que en tan s\u00f3lo unos minutos de haber sido publicada ha sumado decenas de likes, son variados y en ellos se consigna desde la inutilidad del festejo debido la reforma energ\u00e9tica, hasta la cr\u00edtica por lo peligroso que se ha vuelto el desfile que hasta decesos ha registrado \u00faltimamente.<\/p>\n","protected":false},"excerpt":{"rendered":"<p>Visitas: 3A trav\u00e9s de las redes sociales ciudadanos convocan a boicotear el desfile del 18 de marzo\u00a0como parte de las protestas en contra de las autoridades de todos los niveles.<\/p>\n","protected":false},"author":2,"featured_media":0,"comment_status":"open","ping_status":"open","sticky":false,"template":"","format":"standard","meta":{"footnotes":""},"categories":[213],"tags":[],"class_list":{"0":"post-169326","1":"post","2":"type-post","3":"status-publish","4":"format-standard","6":"category-poza-rica"},"nelio_content":{"isAutoShareEnabled":true,"autoShareEndMode":"never","automationSources":{"useCustomSentences":false,"customSentences":[]},"followers":[],"suggestedReferences":[],"efiUrl":"","efiAlt":"","highlights":[],"permalinkQueryArgs":[],"series":[]},"_links":{"self":[{"href":"https:\/\/www.enteratever.com\/2023\/wp-json\/wp\/v2\/posts\/169326","targetHints":{"allow":["GET"]}}],"collection":[{"href":"https:\/\/www.enteratever.com\/2023\/wp-json\/wp\/v2\/posts"}],"about":[{"href":"https:\/\/www.enteratever.com\/2023\/wp-json\/wp\/v2\/types\/post"}],"author":[{"embeddable":true,"href":"https:\/\/www.enteratever.com\/2023\/wp-json\/wp\/v2\/users\/2"}],"replies":[{"embeddable":true,"href":"https:\/\/www.enteratever.com\/2023\/wp-json\/wp\/v2\/comments?post=169326"}],"version-history":[{"count":0,"href":"https:\/\/www.enteratever.com\/2023\/wp-json\/wp\/v2\/posts\/169326\/revisions"}],"wp:attachment":[{"href":"https:\/\/www.enteratever.com\/2023\/wp-json\/wp\/v2\/media?parent=169326"}],"wp:term":[{"taxonomy":"category","embeddable":true,"href":"https:\/\/www.enteratever.com\/2023\/wp-json\/wp\/v2\/categories?post=169326"},{"taxonomy":"post_tag","embeddable":true,"href":"https:\/\/www.enteratever.com\/2023\/wp-json\/wp\/v2\/tags?post=169326"}],"curies":[{"name":"wp","href":"https:\/\/api.w.org\/{rel}","templated":true}]}}