{"id":169310,"date":"2014-02-27T15:36:11","date_gmt":"2014-02-27T15:36:11","guid":{"rendered":"https:\/\/www.enteratever.com\/2023\/se-agrava-conflicto-en-la-secundaria-federal-3-de-poza-rica\/"},"modified":"2014-02-27T15:36:11","modified_gmt":"2014-02-27T15:36:11","slug":"se-agrava-conflicto-en-la-secundaria-federal-3-de-poza-rica","status":"publish","type":"post","link":"https:\/\/www.enteratever.com\/2023\/2014\/02\/27\/se-agrava-conflicto-en-la-secundaria-federal-3-de-poza-rica\/","title":{"rendered":"Se agrava conflicto en la Secundaria Federal 3 de Poza Rica"},"content":{"rendered":"<p>Visitas: 32<\/p><figure id=\"attachment_35187\" aria-describedby=\"caption-attachment-35187\" style=\"width: 660px\" class=\"wp-caption aligncenter\"><a href=\"http:\/\/www.enteratever.com\/wp-content\/uploads\/2014\/02\/IMG_0911.jpg\"><img loading=\"lazy\" decoding=\"async\" class=\"size-full wp-image-35187\" alt=\"Se agrava conflicto en la Secundaria Federal 3 de Poza Rica\" src=\"http:\/\/www.enteratever.com\/wp-content\/uploads\/2014\/02\/IMG_0911.jpg\" width=\"660\" height=\"440\" \/><\/a><figcaption id=\"caption-attachment-35187\" class=\"wp-caption-text\">Se agrava conflicto en la Secundaria Federal 3 de Poza Rica<\/figcaption><\/figure>\n<p style=\"text-align: justify\"><strong>Por: <em>Jazm\u00edn Morales Silva<\/em><\/strong><\/p>\n<p style=\"text-align: justify\">Se agrava conflicto en la Secundaria Federal 3 de Poza Rica, pues mientras piden profesores la renuncia de la maestra Reyna Violante P\u00e9rez, misma que en d\u00edas pasados presentara su denuncia por acoso y maltratos laborales en contra del hoy director del Plantel Educativo, ante la procuradur\u00eda General de Justicia, el director del plantel, Marcelino Mart\u00ednez Garc\u00eda , demanda que se ha investigada la catedr\u00e1tica y exige al anterior director cuentas claras de dos periodos atrasados.<!--more--><\/p>\n<p style=\"text-align: justify\">Manifest\u00f3 Marcelino Mart\u00ednez que \u201cLa situaci\u00f3n que prevalecen en la instituci\u00f3n tiene su origen en la administraci\u00f3n anterior del director quien fue requerido por las autoridades educativas en el mes de octubre, hizo un ejercicio que provoc\u00f3 distanciamiento, alejados de la normatividad administrativo, financiero y relaciones personales, hay cuestiones que hay que ir resolviendo, nos dejaron totalmente en ceros, hay informes econ\u00f3micos que no se hicieron en tiempo y forma, estamos teniendo problemas pero se est\u00e1n resolviendo\u201d.<\/p>\n<figure id=\"attachment_35188\" aria-describedby=\"caption-attachment-35188\" style=\"width: 660px\" class=\"wp-caption aligncenter\"><a href=\"http:\/\/www.enteratever.com\/wp-content\/uploads\/2014\/02\/IMG_0922.jpg\"><img loading=\"lazy\" decoding=\"async\" class=\"size-full wp-image-35188\" alt=\"Se agrava conflicto en la Secundaria Federal 3 de Poza Rica\" src=\"http:\/\/www.enteratever.com\/wp-content\/uploads\/2014\/02\/IMG_0922.jpg\" width=\"660\" height=\"440\" \/><\/a><figcaption id=\"caption-attachment-35188\" class=\"wp-caption-text\">Se agrava conflicto en la Secundaria Federal 3 de Poza Rica<\/figcaption><\/figure>\n<p style=\"text-align: justify\">La profesora quien acusara al director del plantel por hostigamiento laboral, da\u00f1os psicol\u00f3gicos y acoso, es acusada por sus compa\u00f1eros por manipular a los alumnos de la instituci\u00f3n y piden sea removida del plantel.<\/p>\n<p style=\"text-align: justify\">As\u00ed mismo refirieron que las autoridades de Xalapa est\u00e1n enteradas, todas desde la menor hasta la mayor, de la situaci\u00f3n que priva con la entrega &#8211; recepci\u00f3n de la escuela a estas alturas, al director no se le han entregado el ejercicio de cuentas de dos a\u00f1os, la cuenta original de la escuela, inclusive recalcan que los recursos que no aparecen deber\u00edan estar en la instituci\u00f3n sin embargo no est\u00e1n, y no se han entregado las cuentas como se debe.<\/p>\n<figure id=\"attachment_35189\" aria-describedby=\"caption-attachment-35189\" style=\"width: 660px\" class=\"wp-caption aligncenter\"><a href=\"http:\/\/www.enteratever.com\/wp-content\/uploads\/2014\/02\/IMG_0923.jpg\"><img loading=\"lazy\" decoding=\"async\" class=\"size-full wp-image-35189\" alt=\"Se agrava conflicto en la Secundaria Federal 3 de Poza Rica\" src=\"http:\/\/www.enteratever.com\/wp-content\/uploads\/2014\/02\/IMG_0923.jpg\" width=\"660\" height=\"440\" \/><\/a><figcaption id=\"caption-attachment-35189\" class=\"wp-caption-text\">Se agrava conflicto en la Secundaria Federal 3 de Poza Rica<\/figcaption><\/figure>\n<p style=\"text-align: justify\">En cuanto a la profesora quien era pareja sentimental del ex director, y ten\u00eda ciertas canonj\u00edas que \u00e9l le hab\u00eda dado y que no eran las adecuadas, afirma que una vez que sali\u00f3 el director, se le ubic\u00f3 como debe de ser, no se le est\u00e1 quitando nada 25 horas de trabajo tenia y esas son las que labora actualmente, su inconformidad es que no puede cubrir sus horas porque tiene que llevar a su hija a la escuela, nosotros tenemos un horario establecido de 7 de la ma\u00f1ana a 2 de la tarde, agreg\u00f3 el director.<\/p>\n<p style=\"text-align: justify\">Tambi\u00e9n este martes los padres de familia hablaban sobre tomar las instalaciones de la escuela en la madrugada, hecho que no fue consumado pues manifiesta \u00e9l director que los padres de familia est\u00e1n enterados de la situaci\u00f3n en la que se encuentra la escuela, tanto de la falta de dinero, como de la profesora que ha hecho hasta lo imposible por poner a los alumnos en contra de una de las profesoras dici\u00e9ndoles palabras ofensivas para que hagan caso omiso a la case de dicha docente.<\/p>\n<p style=\"text-align: justify\">Adem\u00e1s sobre la situaci\u00f3n que ha generado es a ra\u00edz de \u201cla inconformidad es de parte de una persona Guillermina que trabajo con el anterior director y pertenec\u00eda al comit\u00e9 de padres de familia como presidenta del mismo\u201d A la Presidenta del comit\u00e9 se le llamado en diversas ocasiones verbalmente para que rinda cuentas y hasta ahora no se ha presentado \u201clo que hizo fue un ejercicio fraudulento de su cargo, adem\u00e1s ya envolvi\u00f3 a la escuela en una situaci\u00f3n que nos es, e involucro a los padres de familia para tomar la escuela.<\/p>\n<p style=\"text-align: justify\">La instituci\u00f3n cuenta con un promedio de 1000 padres de familia, 1000 alumnos y 85 personas que laboran como docentes, administrativos, directivos y de apoyo mismo que no apoyaron a esa persona ya que conocen el ejercicio y saben cu\u00e1l es la realidad, ya que se realiza una reuni\u00f3n un lunes por mes para informarles y ver cu\u00e1les son sus inconformidades, ellos sabes en qu\u00e9 condiciones estaba la escuela y como se ha ido levantando \u201cSomos educadores y como tal tenemos la obligaci\u00f3n de apegarnos a la ley en art. 3 que nos proh\u00edbe manipular a padres de familia y a alumnos\u201d afirm\u00f3.<\/p>\n<p style=\"text-align: justify\">\u201cComo director aplicar\u00e9 la normatividad como lo establece la legislaci\u00f3n, de igual manera con la denuncia que ella ya presento se responder\u00e1 con total apego a la ley \u201cexpres\u00f3 Mart\u00ednez Garc\u00eda.<\/p>\n<p style=\"text-align: justify\">Los catedr\u00e1ticos de dicho plantel manifestaron que ya fue enviado un escrito a Xalapa dirigido a Adolfo Mota Hern\u00e1ndez Secretario de Educaci\u00f3n de Veracruz y Juan Nicol\u00e1s Callejas Roldan Secretario General de la Secci\u00f3n 32 del SNTE, en el cual manifiestan las faltas de la docente entre las que resaltan, irrespetuosa y ofensiva.<\/p>\n<p style=\"text-align: justify\">As\u00ed como que se ha dedicado a manipular a alumno del 1E, 3 B y 3E estos \u00faltimos a quienes afirman les dice que no trabajen las actividades de la profesora Elizabeth \u00c1ngeles Herrera. Tambi\u00e9n recalcan en dicho escrito que durante un a\u00f1o y medio no fue a trabajar con el solapamiento del director anterior \u201cEs por eso que exigimos de la profesora Reyna Violante P\u00e9rez sea retirada de nuestro plantel y anexamos las firmas de todos los compa\u00f1eros maestros\u201d agreg\u00f3 Mar\u00eda Andrea Salvador Mart\u00ednez Profesora.<\/p>\n","protected":false},"excerpt":{"rendered":"<p>Visitas: 32Por: Jazm\u00edn Morales Silva Se agrava conflicto en la Secundaria Federal 3 de Poza Rica, pues mientras piden profesores la renuncia de la maestra Reyna Violante P\u00e9rez, misma que en d\u00edas pasados presentara su denuncia por acoso y maltratos laborales en contra del hoy director del Plantel Educativo, ante la procuradur\u00eda General de Justicia, [&hellip;]<\/p>\n","protected":false},"author":2,"featured_media":0,"comment_status":"open","ping_status":"open","sticky":false,"template":"","format":"standard","meta":{"footnotes":""},"categories":[299,213],"tags":[],"class_list":{"0":"post-169310","1":"post","2":"type-post","3":"status-publish","4":"format-standard","6":"category-notas-locales","7":"category-poza-rica"},"nelio_content":{"isAutoShareEnabled":true,"autoShareEndMode":"never","automationSources":{"useCustomSentences":false,"customSentences":[]},"followers":[],"suggestedReferences":[],"efiUrl":"","efiAlt":"","highlights":[],"permalinkQueryArgs":[],"series":[]},"_links":{"self":[{"href":"https:\/\/www.enteratever.com\/2023\/wp-json\/wp\/v2\/posts\/169310","targetHints":{"allow":["GET"]}}],"collection":[{"href":"https:\/\/www.enteratever.com\/2023\/wp-json\/wp\/v2\/posts"}],"about":[{"href":"https:\/\/www.enteratever.com\/2023\/wp-json\/wp\/v2\/types\/post"}],"author":[{"embeddable":true,"href":"https:\/\/www.enteratever.com\/2023\/wp-json\/wp\/v2\/users\/2"}],"replies":[{"embeddable":true,"href":"https:\/\/www.enteratever.com\/2023\/wp-json\/wp\/v2\/comments?post=169310"}],"version-history":[{"count":0,"href":"https:\/\/www.enteratever.com\/2023\/wp-json\/wp\/v2\/posts\/169310\/revisions"}],"wp:attachment":[{"href":"https:\/\/www.enteratever.com\/2023\/wp-json\/wp\/v2\/media?parent=169310"}],"wp:term":[{"taxonomy":"category","embeddable":true,"href":"https:\/\/www.enteratever.com\/2023\/wp-json\/wp\/v2\/categories?post=169310"},{"taxonomy":"post_tag","embeddable":true,"href":"https:\/\/www.enteratever.com\/2023\/wp-json\/wp\/v2\/tags?post=169310"}],"curies":[{"name":"wp","href":"https:\/\/api.w.org\/{rel}","templated":true}]}}