{"id":169304,"date":"2014-02-27T02:00:30","date_gmt":"2014-02-27T02:00:30","guid":{"rendered":"https:\/\/www.enteratever.com\/2023\/estrenan-lilith-vs-eva\/"},"modified":"2014-02-27T02:00:30","modified_gmt":"2014-02-27T02:00:30","slug":"estrenan-lilith-vs-eva","status":"publish","type":"post","link":"https:\/\/www.enteratever.com\/2023\/2014\/02\/27\/estrenan-lilith-vs-eva\/","title":{"rendered":"Estrenan Lilith vs Eva"},"content":{"rendered":"<p>Visitas: 0<\/p><figure id=\"attachment_35053\" aria-describedby=\"caption-attachment-35053\" style=\"width: 611px\" class=\"wp-caption aligncenter\"><a href=\"http:\/\/www.enteratever.com\/wp-content\/uploads\/2014\/02\/1922327_10203426806337574_8556215_n.jpg\"><img loading=\"lazy\" decoding=\"async\" class=\"size-full wp-image-35053\" alt=\"Estrenan Lilith vs Eva\" src=\"http:\/\/www.enteratever.com\/wp-content\/uploads\/2014\/02\/1922327_10203426806337574_8556215_n.jpg\" width=\"611\" height=\"415\" \/><\/a><figcaption id=\"caption-attachment-35053\" class=\"wp-caption-text\">Estrenan Lilith vs Eva<\/figcaption><\/figure>\n<p style=\"text-align: justify\">La obra Lilith vs Eva, de Lorena Illoldi, \u00a0se presenta este 1 de marzo en el programa S\u00e1bados de Teatro de la Casa de Cultura de Poza Rica informa la direcci\u00f3n de recreaci\u00f3n del Ayuntamiento de Poza Rica.<!--more--><\/p>\n<p style=\"text-align: justify\">La funci\u00f3n se llevar\u00e1 a cabo en la Casa de Cultura de Poza Rica e inicia a las siete de la noche con treinta minutos; la entrada es libre.<\/p>\n<p style=\"text-align: justify\">La m\u00fasica original y la direcci\u00f3n general corren a cargo de Harvee Garc\u00eda Foglia y la puesta en escena por parte de Refugio Hern\u00e1ndez Ledezma.<\/p>\n<p style=\"text-align: justify\">Esta es la segunda temporada que se inicia en el marco del programa S\u00e1bados de teatro que busca dar oportunidad de exponer su trabajo a todos los grupos de teatro de la ciudad.<\/p>\n","protected":false},"excerpt":{"rendered":"<p>Visitas: 0La obra Lilith vs Eva, de Lorena Illoldi, \u00a0se presenta este 1 de marzo en el programa S\u00e1bados de Teatro de la Casa de Cultura de Poza Rica informa la direcci\u00f3n de recreaci\u00f3n del Ayuntamiento de Poza Rica.<\/p>\n","protected":false},"author":2,"featured_media":0,"comment_status":"open","ping_status":"open","sticky":false,"template":"","format":"standard","meta":{"footnotes":""},"categories":[213],"tags":[],"class_list":{"0":"post-169304","1":"post","2":"type-post","3":"status-publish","4":"format-standard","6":"category-poza-rica"},"nelio_content":{"isAutoShareEnabled":true,"autoShareEndMode":"never","automationSources":{"useCustomSentences":false,"customSentences":[]},"followers":[],"suggestedReferences":[],"efiUrl":"","efiAlt":"","highlights":[],"permalinkQueryArgs":[],"series":[]},"_links":{"self":[{"href":"https:\/\/www.enteratever.com\/2023\/wp-json\/wp\/v2\/posts\/169304","targetHints":{"allow":["GET"]}}],"collection":[{"href":"https:\/\/www.enteratever.com\/2023\/wp-json\/wp\/v2\/posts"}],"about":[{"href":"https:\/\/www.enteratever.com\/2023\/wp-json\/wp\/v2\/types\/post"}],"author":[{"embeddable":true,"href":"https:\/\/www.enteratever.com\/2023\/wp-json\/wp\/v2\/users\/2"}],"replies":[{"embeddable":true,"href":"https:\/\/www.enteratever.com\/2023\/wp-json\/wp\/v2\/comments?post=169304"}],"version-history":[{"count":0,"href":"https:\/\/www.enteratever.com\/2023\/wp-json\/wp\/v2\/posts\/169304\/revisions"}],"wp:attachment":[{"href":"https:\/\/www.enteratever.com\/2023\/wp-json\/wp\/v2\/media?parent=169304"}],"wp:term":[{"taxonomy":"category","embeddable":true,"href":"https:\/\/www.enteratever.com\/2023\/wp-json\/wp\/v2\/categories?post=169304"},{"taxonomy":"post_tag","embeddable":true,"href":"https:\/\/www.enteratever.com\/2023\/wp-json\/wp\/v2\/tags?post=169304"}],"curies":[{"name":"wp","href":"https:\/\/api.w.org\/{rel}","templated":true}]}}