{"id":169297,"date":"2014-02-26T00:47:41","date_gmt":"2014-02-26T00:47:41","guid":{"rendered":"https:\/\/www.enteratever.com\/2023\/capacita-dif-estatal-a-la-zona-norte-de-veracruz\/"},"modified":"2014-02-26T00:47:41","modified_gmt":"2014-02-26T00:47:41","slug":"capacita-dif-estatal-a-la-zona-norte-de-veracruz","status":"publish","type":"post","link":"https:\/\/www.enteratever.com\/2023\/2014\/02\/26\/capacita-dif-estatal-a-la-zona-norte-de-veracruz\/","title":{"rendered":"Capacita DIF Estatal a la Zona Norte de Veracruz"},"content":{"rendered":"<p>Visitas: 0<\/p><figure id=\"attachment_34817\" aria-describedby=\"caption-attachment-34817\" style=\"width: 660px\" class=\"wp-caption aligncenter\"><a href=\"http:\/\/www.enteratever.com\/wp-content\/uploads\/2014\/02\/DSC_1317.jpg\"><img loading=\"lazy\" decoding=\"async\" class=\"size-full wp-image-34817\" alt=\"Capacita DIF Estatal a la Zona Norte de Veracruz\" src=\"http:\/\/www.enteratever.com\/wp-content\/uploads\/2014\/02\/DSC_1317.jpg\" width=\"660\" height=\"438\" \/><\/a><figcaption id=\"caption-attachment-34817\" class=\"wp-caption-text\">Capacita DIF Estatal a la Zona Norte de Veracruz<\/figcaption><\/figure>\n<p style=\"text-align: justify\">Con la presencia de m\u00e1s de 60 representantes de Secundarias, Telesecundarias y miembros del Sistema DIF de la zona norte de Veracruz este lunes 24 de febrero se llev\u00f3 a cabo la capacitaci\u00f3n de \u201cPlan de vida para adolescentes\u201d por parte del Dr. Esteban Serra Vila, titular del programa.<!--more--><\/p>\n<p style=\"text-align: justify\">Por medio de un cuaderno de trabajo y un manual facilitador, plan de vida para adolescentes es una herramienta poderosa para despertar en los j\u00f3venes la reflexi\u00f3n de hacia d\u00f3nde quieren enfocar esfuerzos para alcanzar sus metas y objetivos de vida.<br \/>\nConocerse y aceptarse son las bases con las que se rige este ejercicio de autoconocimiento que propone el Dr. Serra, mismo con el que planea llegar a m\u00e1s de 600 mil adolescentes veracruzanos a partir de marzo del a\u00f1o en curso.<\/p>\n<p style=\"text-align: justify\">La Presidenta del DIF Tuxpan, Sra. Diana Gonz\u00e1lez de Ruiz dio la bienvenida a los asistentes, los exhort\u00f3 a que participen activamente con el programa y que lo difundan entre los j\u00f3venes de su comunidad.<\/p>\n<p style=\"text-align: justify\">Al evento, realizado en el Casino de la Uni\u00f3n Ganadera, tambi\u00e9n asistieron: Luis Iv\u00e1n Cruz Quintero, Director del Instituto Municipal de la Juventud, Mireya Reboreda Vel\u00e1zquez y Omar Jorge Tello Representantes de la SEV as\u00ed como la Directora del DIF Tuxpan, Lorena Mar\u00edn Franco.<\/p>\n<p style=\"text-align: justify\">Los representantes de los municipios de la zona norte de Veracruz que participaron en la capacitaci\u00f3n fueron: Chicontepec, Benito Ju\u00e1rez, Temapache, Naranjos, Cazones, Cerro Azul, Tamiahua, Tancoco, Poza Rica, Tantima, Chinampa, Ixcatepec, Citlaltepec, \u00c1lamo y Papantla.<\/p>\n","protected":false},"excerpt":{"rendered":"<p>Visitas: 0Con la presencia de m\u00e1s de 60 representantes de Secundarias, Telesecundarias y miembros del Sistema DIF de la zona norte de Veracruz este lunes 24 de febrero se llev\u00f3 a cabo la capacitaci\u00f3n de \u201cPlan de vida para adolescentes\u201d por parte del Dr. Esteban Serra Vila, titular del programa.<\/p>\n","protected":false},"author":2,"featured_media":0,"comment_status":"open","ping_status":"open","sticky":false,"template":"","format":"standard","meta":{"footnotes":""},"categories":[213],"tags":[],"class_list":{"0":"post-169297","1":"post","2":"type-post","3":"status-publish","4":"format-standard","6":"category-poza-rica"},"nelio_content":{"isAutoShareEnabled":true,"autoShareEndMode":"never","automationSources":{"useCustomSentences":false,"customSentences":[]},"followers":[],"suggestedReferences":[],"efiUrl":"","efiAlt":"","highlights":[],"permalinkQueryArgs":[],"series":[]},"_links":{"self":[{"href":"https:\/\/www.enteratever.com\/2023\/wp-json\/wp\/v2\/posts\/169297","targetHints":{"allow":["GET"]}}],"collection":[{"href":"https:\/\/www.enteratever.com\/2023\/wp-json\/wp\/v2\/posts"}],"about":[{"href":"https:\/\/www.enteratever.com\/2023\/wp-json\/wp\/v2\/types\/post"}],"author":[{"embeddable":true,"href":"https:\/\/www.enteratever.com\/2023\/wp-json\/wp\/v2\/users\/2"}],"replies":[{"embeddable":true,"href":"https:\/\/www.enteratever.com\/2023\/wp-json\/wp\/v2\/comments?post=169297"}],"version-history":[{"count":0,"href":"https:\/\/www.enteratever.com\/2023\/wp-json\/wp\/v2\/posts\/169297\/revisions"}],"wp:attachment":[{"href":"https:\/\/www.enteratever.com\/2023\/wp-json\/wp\/v2\/media?parent=169297"}],"wp:term":[{"taxonomy":"category","embeddable":true,"href":"https:\/\/www.enteratever.com\/2023\/wp-json\/wp\/v2\/categories?post=169297"},{"taxonomy":"post_tag","embeddable":true,"href":"https:\/\/www.enteratever.com\/2023\/wp-json\/wp\/v2\/tags?post=169297"}],"curies":[{"name":"wp","href":"https:\/\/api.w.org\/{rel}","templated":true}]}}