{"id":169296,"date":"2014-02-26T13:15:40","date_gmt":"2014-02-26T13:15:40","guid":{"rendered":"https:\/\/www.enteratever.com\/2023\/convocan-a-integrar-colectivo-jarocho\/"},"modified":"2014-02-26T13:15:40","modified_gmt":"2014-02-26T13:15:40","slug":"convocan-a-integrar-colectivo-jarocho","status":"publish","type":"post","link":"https:\/\/www.enteratever.com\/2023\/2014\/02\/26\/convocan-a-integrar-colectivo-jarocho\/","title":{"rendered":"Convocan a integrar Colectivo Jarocho"},"content":{"rendered":"<p>Visitas: 0<\/p><figure id=\"attachment_34813\" aria-describedby=\"caption-attachment-34813\" style=\"width: 659px\" class=\"wp-caption aligncenter\"><a href=\"http:\/\/www.enteratever.com\/wp-content\/uploads\/2014\/02\/DSCN0868.jpg\"><img loading=\"lazy\" decoding=\"async\" class=\"size-full wp-image-34813\" alt=\"Convocan a integrar Colectivo Jarocho\" src=\"http:\/\/www.enteratever.com\/wp-content\/uploads\/2014\/02\/DSCN0868.jpg\" width=\"659\" height=\"481\" \/><\/a><figcaption id=\"caption-attachment-34813\" class=\"wp-caption-text\">Convocan a integrar Colectivo Jarocho<\/figcaption><\/figure>\n<p style=\"text-align: justify\">A integrarse a Colectivo Jarocho invitan promotores culturales independientes \u00a0de la ciudad de Poza Rica. Pueden\u00a0 hacerlo bailarines y m\u00fasicos que busquen difundir el son tradicional de la zona de Sotavento.<!--more--><\/p>\n<p style=\"text-align: justify\">As\u00ed lo anunci\u00f3 Federico Reyes, coordinador del Colectivo quien mencion\u00f3 que en este momento est\u00e1n integradas seis personas, dos jaraneros, dos bailadores, un panderista y un percusionista, pero est\u00e1n abiertos a que lleguen m\u00e1s.<\/p>\n<p style=\"text-align: justify\">El colectivo jarocho ha presentado dos programas uno de ellos se present\u00f3 hace dos a\u00f1os en la Feria del Arte, llamado Soneando y ahora han montado Son pa bailar que se present\u00f3 en la reciente Feria del Libro Independiente.<\/p>\n<p style=\"text-align: justify\">Todas las personas interesadas en integrarse al Colectivo est\u00e1n citadas para el jueves a las cuatro de la tarde en casa de Cultura.<\/p>\n","protected":false},"excerpt":{"rendered":"<p>Visitas: 0A integrarse a Colectivo Jarocho invitan promotores culturales independientes \u00a0de la ciudad de Poza Rica. Pueden\u00a0 hacerlo bailarines y m\u00fasicos que busquen difundir el son tradicional de la zona de Sotavento.<\/p>\n","protected":false},"author":2,"featured_media":0,"comment_status":"open","ping_status":"open","sticky":false,"template":"","format":"standard","meta":{"footnotes":""},"categories":[213],"tags":[],"class_list":{"0":"post-169296","1":"post","2":"type-post","3":"status-publish","4":"format-standard","6":"category-poza-rica"},"nelio_content":{"isAutoShareEnabled":true,"autoShareEndMode":"never","automationSources":{"useCustomSentences":false,"customSentences":[]},"followers":[],"suggestedReferences":[],"efiUrl":"","efiAlt":"","highlights":[],"permalinkQueryArgs":[],"series":[]},"_links":{"self":[{"href":"https:\/\/www.enteratever.com\/2023\/wp-json\/wp\/v2\/posts\/169296","targetHints":{"allow":["GET"]}}],"collection":[{"href":"https:\/\/www.enteratever.com\/2023\/wp-json\/wp\/v2\/posts"}],"about":[{"href":"https:\/\/www.enteratever.com\/2023\/wp-json\/wp\/v2\/types\/post"}],"author":[{"embeddable":true,"href":"https:\/\/www.enteratever.com\/2023\/wp-json\/wp\/v2\/users\/2"}],"replies":[{"embeddable":true,"href":"https:\/\/www.enteratever.com\/2023\/wp-json\/wp\/v2\/comments?post=169296"}],"version-history":[{"count":0,"href":"https:\/\/www.enteratever.com\/2023\/wp-json\/wp\/v2\/posts\/169296\/revisions"}],"wp:attachment":[{"href":"https:\/\/www.enteratever.com\/2023\/wp-json\/wp\/v2\/media?parent=169296"}],"wp:term":[{"taxonomy":"category","embeddable":true,"href":"https:\/\/www.enteratever.com\/2023\/wp-json\/wp\/v2\/categories?post=169296"},{"taxonomy":"post_tag","embeddable":true,"href":"https:\/\/www.enteratever.com\/2023\/wp-json\/wp\/v2\/tags?post=169296"}],"curies":[{"name":"wp","href":"https:\/\/api.w.org\/{rel}","templated":true}]}}