{"id":169284,"date":"2014-02-25T01:54:33","date_gmt":"2014-02-25T01:54:33","guid":{"rendered":"https:\/\/www.enteratever.com\/2023\/autoridades-de-tuxpan-abanderan-30-escuelas\/"},"modified":"2014-02-25T01:54:33","modified_gmt":"2014-02-25T01:54:33","slug":"autoridades-de-tuxpan-abanderan-30-escuelas","status":"publish","type":"post","link":"https:\/\/www.enteratever.com\/2023\/2014\/02\/25\/autoridades-de-tuxpan-abanderan-30-escuelas\/","title":{"rendered":"Autoridades de Tuxpan abanderan 30 escuelas"},"content":{"rendered":"<p>Visitas: 6<\/p><figure id=\"attachment_34562\" aria-describedby=\"caption-attachment-34562\" style=\"width: 660px\" class=\"wp-caption aligncenter\"><a href=\"http:\/\/www.enteratever.com\/wp-content\/uploads\/2014\/02\/IMG_0066.jpg\"><img loading=\"lazy\" decoding=\"async\" class=\"size-full wp-image-34562\" alt=\"Autoridades de Tuxpan abanderan 30 escuelas\" src=\"http:\/\/www.enteratever.com\/wp-content\/uploads\/2014\/02\/IMG_0066.jpg\" width=\"660\" height=\"406\" \/><\/a><figcaption id=\"caption-attachment-34562\" class=\"wp-caption-text\">Autoridades de Tuxpan abanderan 30 escuelas<\/figcaption><\/figure>\n<p style=\"text-align: justify\">Autoridades municipales, navales y militares, presidieron este lunes la ceremonia\u00a0 conmemorativa al D\u00eda de la\u00a0 Bandera, marco en el cual \u00a0se llev\u00f3 a cabo el protocolo de incineraci\u00f3n \u00a0que dio paso \u00a0al abanderamiento de 30 escuelas.<!--more--><\/p>\n<p style=\"text-align: justify\">El evento tuvo a lugar en el Parque a los Ni\u00f1os H\u00e9roes este lunes por la ma\u00f1ana; acto en el cual se cont\u00f3 con la presencia de autoridades municipales,\u00a0 navales y militares, quienes encabezaron esta ceremonia.<\/p>\n<p style=\"text-align: justify\">Tras rendir los honores al emblema patrio m\u00e1s significativo de todos los mexicanos, personal militar procedi\u00f3 al acto de renovaci\u00f3n con \u00a0la incineraci\u00f3n de \u00a0una \u00a0bandera como s\u00edmbolo de reposici\u00f3n \u00a0al darse de baja a 30 pertenecientes al mismo n\u00famero de escuelas.<\/p>\n<p style=\"text-align: justify\">Durante este acto explicaron \u00a0que las cenizas son\u00a0 resguardadas o enterradas\u00a0 como simbolismo de regreso a las entra\u00f1as de la patria.<\/p>\n<p style=\"text-align: justify\">Cabe destacar que la vida \u00fatil de una bandera es solo de diez a\u00f1os, adelant\u00e1ndose su incineraci\u00f3n, en caso de sufrir deterioro ya que no puede tocar el piso ni \u00a0ir a la basura.<\/p>\n<p style=\"text-align: justify\">Tras\u00a0\u00a0 el acto de incineraci\u00f3n, se procedi\u00f3 al toque de silencio mismo que al concluir, dio paso a la entrega de las nuevas banderas.<\/p>\n<p style=\"text-align: justify\">En este tenor, autoridades \u00a0presentes abanderaron\u00a0 de forma simb\u00f3lica a \u00a0ocho de 30\u00a0 escoltas presentes pertenecientes a mismo n\u00famero de escuelas,\u00a0 tomando la\u00a0 respectiva protesta\u00a0 el S\u00edndico \u00danico, Javier Ben\u00edtez Ponce, \u00a0en representaci\u00f3n del Alcalde, Ra\u00fal Ruiz D\u00edaz.<\/p>\n<p style=\"text-align: justify\">El pres\u00eddium \u00a0estuvo conformado por\u00a0 el S\u00edndico \u00danico del Ayuntamiento, Javier Ben\u00edtez Ponce, en representaci\u00f3n del Alcalde, Ra\u00fal Ruiz D\u00edaz, Almirante Pedro Garc\u00eda Valerio, Comandante de la Primera Regi\u00f3n Naval, General Arturo S\u00e1nchez Garc\u00eda, Comandante de la 19 Zona Militar, Almirante Arturo Bernal Carrasco, Comandante de la Fuerza Naval del Golfo y Mar Caribe,\u00a0 Contralmirante Jos\u00e9 \u00c1ngel Reyes Carrera, Comandante de la Brigada Anfibia de Marina del Golfo,\u00a0 Coronel\u00a0 Gerardo Enrique Hidalgo Lujan, Comandante del 39\u00a0 Batall\u00f3n de Infanter\u00eda, Alfonso S\u00e1nchez Hern\u00e1ndez,\u00a0 Regidor Primero Comisionado\u00a0 en Educaci\u00f3n y Cultura, Jaime Huesca G\u00f3mez, Secretario del Ayuntamiento\u00a0 as\u00ed como representantes de la Delegaci\u00f3n Regional de la Secretar\u00eda de Educaci\u00f3n\u00a0 de\u00a0\u00a0 Veracruz.<\/p>\n\n","protected":false},"excerpt":{"rendered":"<p>Visitas: 6Autoridades municipales, navales y militares, presidieron este lunes la ceremonia\u00a0 conmemorativa al D\u00eda de la\u00a0 Bandera, marco en el cual \u00a0se llev\u00f3 a cabo el protocolo de incineraci\u00f3n \u00a0que dio paso \u00a0al abanderamiento de 30 escuelas.<\/p>\n","protected":false},"author":2,"featured_media":0,"comment_status":"open","ping_status":"open","sticky":false,"template":"","format":"standard","meta":{"footnotes":""},"categories":[213],"tags":[],"class_list":{"0":"post-169284","1":"post","2":"type-post","3":"status-publish","4":"format-standard","6":"category-poza-rica"},"nelio_content":{"isAutoShareEnabled":true,"autoShareEndMode":"never","automationSources":{"useCustomSentences":false,"customSentences":[]},"followers":[],"suggestedReferences":[],"efiUrl":"","efiAlt":"","highlights":[],"permalinkQueryArgs":[],"series":[]},"_links":{"self":[{"href":"https:\/\/www.enteratever.com\/2023\/wp-json\/wp\/v2\/posts\/169284","targetHints":{"allow":["GET"]}}],"collection":[{"href":"https:\/\/www.enteratever.com\/2023\/wp-json\/wp\/v2\/posts"}],"about":[{"href":"https:\/\/www.enteratever.com\/2023\/wp-json\/wp\/v2\/types\/post"}],"author":[{"embeddable":true,"href":"https:\/\/www.enteratever.com\/2023\/wp-json\/wp\/v2\/users\/2"}],"replies":[{"embeddable":true,"href":"https:\/\/www.enteratever.com\/2023\/wp-json\/wp\/v2\/comments?post=169284"}],"version-history":[{"count":0,"href":"https:\/\/www.enteratever.com\/2023\/wp-json\/wp\/v2\/posts\/169284\/revisions"}],"wp:attachment":[{"href":"https:\/\/www.enteratever.com\/2023\/wp-json\/wp\/v2\/media?parent=169284"}],"wp:term":[{"taxonomy":"category","embeddable":true,"href":"https:\/\/www.enteratever.com\/2023\/wp-json\/wp\/v2\/categories?post=169284"},{"taxonomy":"post_tag","embeddable":true,"href":"https:\/\/www.enteratever.com\/2023\/wp-json\/wp\/v2\/tags?post=169284"}],"curies":[{"name":"wp","href":"https:\/\/api.w.org\/{rel}","templated":true}]}}