{"id":169274,"date":"2014-02-25T00:34:13","date_gmt":"2014-02-25T00:34:13","guid":{"rendered":"https:\/\/www.enteratever.com\/2023\/rechaza-cij-legalizacion-de-marihuana\/"},"modified":"2014-02-25T00:34:13","modified_gmt":"2014-02-25T00:34:13","slug":"rechaza-cij-legalizacion-de-marihuana","status":"publish","type":"post","link":"https:\/\/www.enteratever.com\/2023\/2014\/02\/25\/rechaza-cij-legalizacion-de-marihuana\/","title":{"rendered":"Rechaza CIJ legalizaci\u00f3n de marihuana"},"content":{"rendered":"<p>Visitas: 0<\/p><figure id=\"attachment_34489\" aria-describedby=\"caption-attachment-34489\" style=\"width: 660px\" class=\"wp-caption aligncenter\"><a href=\"http:\/\/www.enteratever.com\/wp-content\/uploads\/2014\/02\/IMG_0380.jpg\"><img loading=\"lazy\" decoding=\"async\" class=\"size-full wp-image-34489\" alt=\"Rechaza CIJ legalizaci\u00f3n de marihuana\" src=\"http:\/\/www.enteratever.com\/wp-content\/uploads\/2014\/02\/IMG_0380.jpg\" width=\"660\" height=\"440\" \/><\/a><figcaption id=\"caption-attachment-34489\" class=\"wp-caption-text\">Rechaza CIJ legalizaci\u00f3n de marihuana<\/figcaption><\/figure>\n<p style=\"text-align: justify\">Por: Jazm\u00edn Morales<\/p>\n<p style=\"text-align: justify\">En contra de la legalizaci\u00f3n de la marihuana,\u00a0\u201cUna de las sustancias de mayor consumo a nivel nacional\u201d se manifiestan \u00a0los\u00a0Centro de Integraci\u00f3n Juvenil del pa\u00eds y de Poza Rica, afirma Carolina Luna Delgado Directora del Centro de Integraci\u00f3n Juvenil (CIJ).<!--more--><\/p>\n<p style=\"text-align: justify\">Esto luego de que en los \u00faltimos d\u00edas el\u00a0\u00a0l\u00edder del PRD en la Asamblea Legislativa del Distrito Federal (ALDF), Manuel Granados Covarrubias, anunciara que propondr\u00e1 a los diputados de su bancada realizar una consulta p\u00fablica para conocer la opini\u00f3n de los capitalinos sobre la legalizaci\u00f3n del consumo de marihuana\u00a0en el Distrito Federal.<\/p>\n<p style=\"text-align: justify\">El presidente de la Comisi\u00f3n de Gobierno de la ALDF asegur\u00f3 que por lo menos el 70% de los habitantes de la capital apoyan la utilizaci\u00f3n de dicha droga con fines medicinales.<\/p>\n<p style=\"text-align: justify\">As\u00ed mismo manifest\u00f3\u00a0\u00a0la directora del centro que cuentan con \u201cEstudios que comprueban que si causa da\u00f1o y la legalizaci\u00f3n generar\u00eda un mayor problema de salud p\u00fablica\u201d.<\/p>\n<p style=\"text-align: justify\">Tambi\u00e9n planean diversos tipos de actividades para evitar se legalice las sustancias, ya que es cierto que algunas personas lo utilizan con fines terap\u00e9uticos, pero es bien sabido que al ser usada podr\u00eda causar adici\u00f3n.<\/p>\n<p style=\"text-align: justify\">\u201cEsta sustancia puede provocar da\u00f1os en el ser humano tanto f\u00edsico, como econ\u00f3mico y social\u201d puntualiz\u00f3 Luna Delgado.<\/p>\n","protected":false},"excerpt":{"rendered":"<p>Visitas: 0Por: Jazm\u00edn Morales En contra de la legalizaci\u00f3n de la marihuana,\u00a0\u201cUna de las sustancias de mayor consumo a nivel nacional\u201d se manifiestan \u00a0los\u00a0Centro de Integraci\u00f3n Juvenil del pa\u00eds y de Poza Rica, afirma Carolina Luna Delgado Directora del Centro de Integraci\u00f3n Juvenil (CIJ).<\/p>\n","protected":false},"author":2,"featured_media":0,"comment_status":"open","ping_status":"open","sticky":false,"template":"","format":"standard","meta":{"footnotes":""},"categories":[213],"tags":[],"class_list":{"0":"post-169274","1":"post","2":"type-post","3":"status-publish","4":"format-standard","6":"category-poza-rica"},"nelio_content":{"isAutoShareEnabled":true,"autoShareEndMode":"never","automationSources":{"useCustomSentences":false,"customSentences":[]},"followers":[],"suggestedReferences":[],"efiUrl":"","efiAlt":"","highlights":[],"permalinkQueryArgs":[],"series":[]},"_links":{"self":[{"href":"https:\/\/www.enteratever.com\/2023\/wp-json\/wp\/v2\/posts\/169274","targetHints":{"allow":["GET"]}}],"collection":[{"href":"https:\/\/www.enteratever.com\/2023\/wp-json\/wp\/v2\/posts"}],"about":[{"href":"https:\/\/www.enteratever.com\/2023\/wp-json\/wp\/v2\/types\/post"}],"author":[{"embeddable":true,"href":"https:\/\/www.enteratever.com\/2023\/wp-json\/wp\/v2\/users\/2"}],"replies":[{"embeddable":true,"href":"https:\/\/www.enteratever.com\/2023\/wp-json\/wp\/v2\/comments?post=169274"}],"version-history":[{"count":0,"href":"https:\/\/www.enteratever.com\/2023\/wp-json\/wp\/v2\/posts\/169274\/revisions"}],"wp:attachment":[{"href":"https:\/\/www.enteratever.com\/2023\/wp-json\/wp\/v2\/media?parent=169274"}],"wp:term":[{"taxonomy":"category","embeddable":true,"href":"https:\/\/www.enteratever.com\/2023\/wp-json\/wp\/v2\/categories?post=169274"},{"taxonomy":"post_tag","embeddable":true,"href":"https:\/\/www.enteratever.com\/2023\/wp-json\/wp\/v2\/tags?post=169274"}],"curies":[{"name":"wp","href":"https:\/\/api.w.org\/{rel}","templated":true}]}}