{"id":169272,"date":"2014-02-25T00:20:41","date_gmt":"2014-02-25T00:20:41","guid":{"rendered":"https:\/\/www.enteratever.com\/2023\/escoltas-juran-lealtad\/"},"modified":"2014-02-25T00:20:41","modified_gmt":"2014-02-25T00:20:41","slug":"escoltas-juran-lealtad","status":"publish","type":"post","link":"https:\/\/www.enteratever.com\/2023\/2014\/02\/25\/escoltas-juran-lealtad\/","title":{"rendered":"Escoltas juran lealtad"},"content":{"rendered":"<p>Visitas: 1<\/p><figure id=\"attachment_34465\" aria-describedby=\"caption-attachment-34465\" style=\"width: 660px\" class=\"wp-caption aligncenter\"><a href=\"http:\/\/www.enteratever.com\/wp-content\/uploads\/2014\/02\/IMG_1453.jpg\"><img loading=\"lazy\" decoding=\"async\" class=\"size-full wp-image-34465\" alt=\"Escoltas juran lealtad\" src=\"http:\/\/www.enteratever.com\/wp-content\/uploads\/2014\/02\/IMG_1453.jpg\" width=\"660\" height=\"440\" \/><\/a><figcaption id=\"caption-attachment-34465\" class=\"wp-caption-text\">Escoltas juran lealtad<\/figcaption><\/figure>\n<p style=\"text-align: justify\">En el marco del festejo del 193 aniversario de nuestro l\u00e1baro patrio, el alcalde Gregorio G\u00f3mez Mart\u00ednez abander\u00f3 a 21 escoltas de planteles educativos tomando el juramento de rigor al s\u00edmbolo m\u00e1s sagrado de todos los mexicanos.<!--more--><\/p>\n<p style=\"text-align: justify\">Adem\u00e1s entreg\u00f3 bandas de guerra para la escuela secundaria Cuauht\u00e9moc de la cabecera municipal y para el Colegio de Bachilleres del Estado de Veracruz n\u00famero 37, del ejido San Miguel Mecatepec.<\/p>\n<figure id=\"attachment_34466\" aria-describedby=\"caption-attachment-34466\" style=\"width: 660px\" class=\"wp-caption aligncenter\"><a href=\"http:\/\/www.enteratever.com\/wp-content\/uploads\/2014\/02\/IMG_1460.jpg\"><img loading=\"lazy\" decoding=\"async\" class=\"size-full wp-image-34466\" alt=\"Escoltas juran lealtad\" src=\"http:\/\/www.enteratever.com\/wp-content\/uploads\/2014\/02\/IMG_1460.jpg\" width=\"660\" height=\"440\" \/><\/a><figcaption id=\"caption-attachment-34466\" class=\"wp-caption-text\">Escoltas juran lealtad<\/figcaption><\/figure>\n<p style=\"text-align: justify\">La ceremonia se llev\u00f3 a cabo con los honores correspondientes en la explanada del parque municipal, Benito Ju\u00e1rez Garc\u00eda, donde el Mun\u00edcipe estuvo acompa\u00f1ado por las autoridades civiles, militares y educativas.<\/p>\n<p style=\"text-align: justify\">El discurso oficial lo realiz\u00f3 el s\u00edndico del Ayuntamiento, Dami\u00e1n Dur\u00e1n Andr\u00e9s, quien record\u00f3 que el 24 de febrero de 1821, cuando Vicente Guerrero y Agust\u00edn Iturbide proclamaron consumada la Independencia de M\u00e9xico mediante el famoso \u00abPlan de Iguala\u00bb.<\/p>\n<figure id=\"attachment_34467\" aria-describedby=\"caption-attachment-34467\" style=\"width: 660px\" class=\"wp-caption aligncenter\"><a href=\"http:\/\/www.enteratever.com\/wp-content\/uploads\/2014\/02\/IMG_1483.jpg\"><img loading=\"lazy\" decoding=\"async\" class=\"size-full wp-image-34467\" alt=\"Escoltas juran lealtad\" src=\"http:\/\/www.enteratever.com\/wp-content\/uploads\/2014\/02\/IMG_1483.jpg\" width=\"660\" height=\"464\" \/><\/a><figcaption id=\"caption-attachment-34467\" class=\"wp-caption-text\">Escoltas juran lealtad<\/figcaption><\/figure>\n<p style=\"text-align: justify\">Se\u00f1al\u00f3 que ese esfuerzo conjunto sell\u00f3 el destino de M\u00e9xico para bien como pa\u00eds libre y soberano. Es as\u00ed como la bandera se constituy\u00f3 en el primer s\u00edmbolo de nuestra soberan\u00eda y en el emblema mismo de nuestra libertad.<\/p>\n<p style=\"text-align: justify\">Por su parte el ejecutivo municipal, Gregorio G\u00f3mez Mart\u00ednez, reiter\u00f3 su compromiso para seguir trabajando en pro de la educaci\u00f3n para tener mejores alumnos en las aulas y por consiguiente ciudadanos responsables para enfrentar con decisi\u00f3n los retos que se presentan y trabajar unidos para transformar a Tihuatl\u00e1n en un mejor municipio.<\/p>\n","protected":false},"excerpt":{"rendered":"<p>Visitas: 1 En el marco del festejo del 193 aniversario de nuestro l\u00e1baro patrio, el alcalde Gregorio G\u00f3mez Mart\u00ednez abander\u00f3 a 21 escoltas de planteles educativos tomando el juramento de rigor al s\u00edmbolo m\u00e1s sagrado de todos los mexicanos.<\/p>\n","protected":false},"author":2,"featured_media":0,"comment_status":"open","ping_status":"open","sticky":false,"template":"","format":"standard","meta":{"footnotes":""},"categories":[213],"tags":[],"class_list":{"0":"post-169272","1":"post","2":"type-post","3":"status-publish","4":"format-standard","6":"category-poza-rica"},"nelio_content":{"isAutoShareEnabled":true,"autoShareEndMode":"never","automationSources":{"useCustomSentences":false,"customSentences":[]},"followers":[],"suggestedReferences":[],"efiUrl":"","efiAlt":"","highlights":[],"permalinkQueryArgs":[],"series":[]},"_links":{"self":[{"href":"https:\/\/www.enteratever.com\/2023\/wp-json\/wp\/v2\/posts\/169272","targetHints":{"allow":["GET"]}}],"collection":[{"href":"https:\/\/www.enteratever.com\/2023\/wp-json\/wp\/v2\/posts"}],"about":[{"href":"https:\/\/www.enteratever.com\/2023\/wp-json\/wp\/v2\/types\/post"}],"author":[{"embeddable":true,"href":"https:\/\/www.enteratever.com\/2023\/wp-json\/wp\/v2\/users\/2"}],"replies":[{"embeddable":true,"href":"https:\/\/www.enteratever.com\/2023\/wp-json\/wp\/v2\/comments?post=169272"}],"version-history":[{"count":0,"href":"https:\/\/www.enteratever.com\/2023\/wp-json\/wp\/v2\/posts\/169272\/revisions"}],"wp:attachment":[{"href":"https:\/\/www.enteratever.com\/2023\/wp-json\/wp\/v2\/media?parent=169272"}],"wp:term":[{"taxonomy":"category","embeddable":true,"href":"https:\/\/www.enteratever.com\/2023\/wp-json\/wp\/v2\/categories?post=169272"},{"taxonomy":"post_tag","embeddable":true,"href":"https:\/\/www.enteratever.com\/2023\/wp-json\/wp\/v2\/tags?post=169272"}],"curies":[{"name":"wp","href":"https:\/\/api.w.org\/{rel}","templated":true}]}}