{"id":169269,"date":"2014-02-24T23:24:38","date_gmt":"2014-02-24T23:24:38","guid":{"rendered":"https:\/\/www.enteratever.com\/2023\/arraiga-bandera-nuestra-nuestra-historia-y-futuro-munguia-gomez\/"},"modified":"2014-02-24T23:24:38","modified_gmt":"2014-02-24T23:24:38","slug":"arraiga-bandera-nuestra-nuestra-historia-y-futuro-munguia-gomez","status":"publish","type":"post","link":"https:\/\/www.enteratever.com\/2023\/2014\/02\/24\/arraiga-bandera-nuestra-nuestra-historia-y-futuro-munguia-gomez\/","title":{"rendered":"Arraiga Bandera nuestra nuestra  historia y futuro: Mungu\u00eda G\u00f3mez"},"content":{"rendered":"<p>Visitas: 1<\/p><figure id=\"attachment_34406\" aria-describedby=\"caption-attachment-34406\" style=\"width: 660px\" class=\"wp-caption aligncenter\"><a href=\"http:\/\/www.enteratever.com\/wp-content\/uploads\/2014\/02\/doctor-Telesforo-Munguia-secretario-del-Ayuntamiento.jpg\"><img loading=\"lazy\" decoding=\"async\" class=\"size-full wp-image-34406\" alt=\"Arraiga Bandera nuestra nuestra  historia y futuro: Mungu\u00eda G\u00f3mez\" src=\"http:\/\/www.enteratever.com\/wp-content\/uploads\/2014\/02\/doctor-Telesforo-Munguia-secretario-del-Ayuntamiento.jpg\" width=\"660\" height=\"495\" \/><\/a><figcaption id=\"caption-attachment-34406\" class=\"wp-caption-text\">Arraiga Bandera nuestra nuestra historia y futuro: Mungu\u00eda G\u00f3mez<\/figcaption><\/figure>\n<p style=\"text-align: justify\">Con emotivo acto solemne se conmemor\u00f3 el D\u00eda de la Bandera en el parque Manlio Fabio Altamirano donde el Secretario del Ayuntamiento, Tel\u00e9sforo Mungu\u00eda G\u00f3mez, hizo un llamado a recordar la grandeza de Nuestro L\u00e1baro Patrio.<!--more--><\/p>\n<p style=\"text-align: justify\">\u201cLa bandera debe servirnos para recordar que los mexicanos y coatzintecos tenemos el valor, la capacidad y fuerza para enfrentar cualquier desaf\u00edo y salir triunfante. Estoy convencido de que la unidad a la que convoca nuestro l\u00e1baro patrio debe ser tambi\u00e9n la ruta a seguir.\u00a0 Juntos estamos sembrando la semilla del progreso y debemos seguir trabajando con fuerza y voluntad para que esa semilla se convierta en un \u00e1rbol fuerte que ofrezca los mejores frutos para nuestro municipio\u201d, destac\u00f3.<\/p>\n<figure id=\"attachment_34407\" aria-describedby=\"caption-attachment-34407\" style=\"width: 660px\" class=\"wp-caption aligncenter\"><a href=\"http:\/\/www.enteratever.com\/wp-content\/uploads\/2014\/02\/ni\u00f1o-Angel-Peralta-con-poema-a-mi-bandera-querida.jpg\"><img loading=\"lazy\" decoding=\"async\" class=\"size-full wp-image-34407\" alt=\"Arraiga Bandera nuestra nuestra  historia y futuro: Mungu\u00eda G\u00f3mez\" src=\"http:\/\/www.enteratever.com\/wp-content\/uploads\/2014\/02\/ni\u00f1o-Angel-Peralta-con-poema-a-mi-bandera-querida.jpg\" width=\"660\" height=\"378\" \/><\/a><figcaption id=\"caption-attachment-34407\" class=\"wp-caption-text\">Arraiga Bandera nuestra nuestra historia y futuro: Mungu\u00eda G\u00f3mez<\/figcaption><\/figure>\n<p style=\"text-align: justify\">En el marco de este evento fue sobresaliente la participaci\u00f3n del ni\u00f1o \u00c1ngel Peralta, alumno de nivel preescolar quien recit\u00f3 un extracto de la poes\u00eda \u201cA Mi Bandera Querida\u201d, que enterneci\u00f3 a los presentes con voz infantil y cristalina.<\/p>\n<p style=\"text-align: justify\">Tambi\u00e9n fue lucida la participaci\u00f3n de la Banda de Guerra del Colegio de Bachilleres del Estado de Veracruz (COBAEV) 32 instituci\u00f3n educativa a la que toc\u00f3 realizar los honores a la Bandera Nacional.<\/p>\n<figure id=\"attachment_34408\" aria-describedby=\"caption-attachment-34408\" style=\"width: 660px\" class=\"wp-caption aligncenter\"><a href=\"http:\/\/www.enteratever.com\/wp-content\/uploads\/2014\/02\/Ni\u00f1os-realizan-juramento-a-la-bandera.jpg\"><img loading=\"lazy\" decoding=\"async\" class=\"size-full wp-image-34408\" alt=\"Arraiga Bandera nuestra nuestra  historia y futuro: Mungu\u00eda G\u00f3mez\" src=\"http:\/\/www.enteratever.com\/wp-content\/uploads\/2014\/02\/Ni\u00f1os-realizan-juramento-a-la-bandera.jpg\" width=\"660\" height=\"495\" \/><\/a><figcaption id=\"caption-attachment-34408\" class=\"wp-caption-text\">Arraiga Bandera nuestra nuestra historia y futuro: Mungu\u00eda G\u00f3mez<\/figcaption><\/figure>\n<figure id=\"attachment_34406\" aria-describedby=\"caption-attachment-34406\" style=\"width: 660px\" class=\"wp-caption aligncenter\"><a href=\"http:\/\/www.enteratever.com\/wp-content\/uploads\/2014\/02\/doctor-Telesforo-Munguia-secretario-del-Ayuntamiento.jpg\"><img loading=\"lazy\" decoding=\"async\" class=\"size-full wp-image-34406\" alt=\"Arraiga Bandera nuestra nuestra  historia y futuro: Mungu\u00eda G\u00f3mez\" src=\"http:\/\/www.enteratever.com\/wp-content\/uploads\/2014\/02\/doctor-Telesforo-Munguia-secretario-del-Ayuntamiento.jpg\" width=\"660\" height=\"495\" \/><\/a><figcaption id=\"caption-attachment-34406\" class=\"wp-caption-text\">Arraiga Bandera nuestra nuestra historia y futuro: Mungu\u00eda G\u00f3mez<\/figcaption><\/figure>\n","protected":false},"excerpt":{"rendered":"<p>Visitas: 1 Con emotivo acto solemne se conmemor\u00f3 el D\u00eda de la Bandera en el parque Manlio Fabio Altamirano donde el Secretario del Ayuntamiento, Tel\u00e9sforo Mungu\u00eda G\u00f3mez, hizo un llamado a recordar la grandeza de Nuestro L\u00e1baro Patrio.<\/p>\n","protected":false},"author":2,"featured_media":0,"comment_status":"open","ping_status":"open","sticky":false,"template":"","format":"standard","meta":{"footnotes":""},"categories":[213],"tags":[],"class_list":{"0":"post-169269","1":"post","2":"type-post","3":"status-publish","4":"format-standard","6":"category-poza-rica"},"nelio_content":{"isAutoShareEnabled":true,"autoShareEndMode":"never","automationSources":{"useCustomSentences":false,"customSentences":[]},"followers":[],"suggestedReferences":[],"efiUrl":"","efiAlt":"","highlights":[],"permalinkQueryArgs":[],"series":[]},"_links":{"self":[{"href":"https:\/\/www.enteratever.com\/2023\/wp-json\/wp\/v2\/posts\/169269","targetHints":{"allow":["GET"]}}],"collection":[{"href":"https:\/\/www.enteratever.com\/2023\/wp-json\/wp\/v2\/posts"}],"about":[{"href":"https:\/\/www.enteratever.com\/2023\/wp-json\/wp\/v2\/types\/post"}],"author":[{"embeddable":true,"href":"https:\/\/www.enteratever.com\/2023\/wp-json\/wp\/v2\/users\/2"}],"replies":[{"embeddable":true,"href":"https:\/\/www.enteratever.com\/2023\/wp-json\/wp\/v2\/comments?post=169269"}],"version-history":[{"count":0,"href":"https:\/\/www.enteratever.com\/2023\/wp-json\/wp\/v2\/posts\/169269\/revisions"}],"wp:attachment":[{"href":"https:\/\/www.enteratever.com\/2023\/wp-json\/wp\/v2\/media?parent=169269"}],"wp:term":[{"taxonomy":"category","embeddable":true,"href":"https:\/\/www.enteratever.com\/2023\/wp-json\/wp\/v2\/categories?post=169269"},{"taxonomy":"post_tag","embeddable":true,"href":"https:\/\/www.enteratever.com\/2023\/wp-json\/wp\/v2\/tags?post=169269"}],"curies":[{"name":"wp","href":"https:\/\/api.w.org\/{rel}","templated":true}]}}