{"id":169263,"date":"2014-02-24T13:36:58","date_gmt":"2014-02-24T13:36:58","guid":{"rendered":"https:\/\/www.enteratever.com\/2023\/dif-poza-rica-acuerda-vinculos-con-sesver\/"},"modified":"2014-02-24T13:36:58","modified_gmt":"2014-02-24T13:36:58","slug":"dif-poza-rica-acuerda-vinculos-con-sesver","status":"publish","type":"post","link":"https:\/\/www.enteratever.com\/2023\/2014\/02\/24\/dif-poza-rica-acuerda-vinculos-con-sesver\/","title":{"rendered":"DIF Poza Rica acuerda v\u00ednculos con SESVER"},"content":{"rendered":"<p>Visitas: 1<\/p><figure id=\"attachment_34088\" aria-describedby=\"caption-attachment-34088\" style=\"width: 660px\" class=\"wp-caption aligncenter\"><a href=\"http:\/\/www.enteratever.com\/wp-content\/uploads\/2014\/02\/IMG_3238.jpg\"><img loading=\"lazy\" decoding=\"async\" class=\"size-full wp-image-34088\" alt=\"DIF Poza Rica acuerda v\u00ednculos con SESVER\" src=\"http:\/\/www.enteratever.com\/wp-content\/uploads\/2014\/02\/IMG_3238.jpg\" width=\"660\" height=\"495\" \/><\/a><figcaption id=\"caption-attachment-34088\" class=\"wp-caption-text\">DIF Poza Rica acuerda v\u00ednculos con SESVER<\/figcaption><\/figure>\n<p style=\"text-align: justify\">Por el bienestar de las familias de Poza Rica, la presidenta del Sistema Municipal DIF, profesora Araceli S\u00e1nchez de Quiroz, se reuni\u00f3 con autoridades de la Secretaria de Salud de Veracruz (SESVER), con el fin de colaboraci\u00f3n entre las instituciones, as\u00ed tambi\u00e9n obtener servicios m\u00e9dicos para las personas en situaci\u00f3n vulnerable.<!--more--><\/p>\n<p style=\"text-align: justify\">Primero, Araceli S\u00e1nchez de Quiroz se entrevist\u00f3 con el director del Hospital Regional de Poza Rica (HRPR), Oscar Castillo Nava, para formar v\u00ednculos que tienen por objetivo brindar asistencia social a pacientes de esta instituci\u00f3n, que de alguna manera pueda cubrir el DIF Municipal.<\/p>\n<p style=\"text-align: justify\">Asi tambi\u00e9n se realizaron acuerdos para la atenci\u00f3n m\u00e9dica en diversas especialidades que cuenta el HRPR, para la atenci\u00f3n y\/o prevenci\u00f3n oportuna de casos en personas que sus padecimientos puedan ser canalizados en esta instituci\u00f3n que forma parte de la SESVER.<\/p>\n<p style=\"text-align: justify\">En este mismo rubro, se reuni\u00f3 posteriormente con la jefa de la Jurisdicci\u00f3n Sanitaria No. 3, doctora Maria del Rosario Espinoza Gloria, para afinar compromisos en beneficio de hombres y mujeres, ni\u00f1os y ni\u00f1as, durante la Primera Semana Nacional de Salud, que se desarrollar\u00e1 del 22 al 28 de febrero.<\/p>\n<p style=\"text-align: justify\">Las promotoras del DIF Municipal tienen la misi\u00f3n de difundir la importancia de esta campa\u00f1a de vacunaci\u00f3n, donde ni\u00f1os y ni\u00f1as deben contar con el esquema b\u00e1sico, la aplicaci\u00f3n de Toxoide Dift\u00e9rico en mujeres de 12 a 44 a\u00f1os de edad.<\/p>\n<p style=\"text-align: justify\">La profesora Araceli S\u00e1nchez de Quiroz, como titular del DIF Poza Rica, encabezar\u00e1 esta campa\u00f1a de vacunaci\u00f3n, a celebrarse este lunes, con una caminata desde el Parque Benito Ju\u00e1rez hasta la Plaza Civica \u201c18 de Marzo\u201d, por ello se acord\u00f3 que se sumar\u00e1n al desfile alumnos y alumnas de los Centros de Asistencia Infantil Comunitaria (CAIC) para promover y concientizar la importancia de esta Semana Nacional de Vacunaci\u00f3n, asi como la incorporaci\u00f3n del censo nominal.<\/p>\n","protected":false},"excerpt":{"rendered":"<p>Visitas: 1Por el bienestar de las familias de Poza Rica, la presidenta del Sistema Municipal DIF, profesora Araceli S\u00e1nchez de Quiroz, se reuni\u00f3 con autoridades de la Secretaria de Salud de Veracruz (SESVER), con el fin de colaboraci\u00f3n entre las instituciones, as\u00ed tambi\u00e9n obtener servicios m\u00e9dicos para las personas en situaci\u00f3n vulnerable.<\/p>\n","protected":false},"author":2,"featured_media":0,"comment_status":"open","ping_status":"open","sticky":false,"template":"","format":"standard","meta":{"footnotes":""},"categories":[213],"tags":[],"class_list":{"0":"post-169263","1":"post","2":"type-post","3":"status-publish","4":"format-standard","6":"category-poza-rica"},"nelio_content":{"isAutoShareEnabled":true,"autoShareEndMode":"never","automationSources":{"useCustomSentences":false,"customSentences":[]},"followers":[],"suggestedReferences":[],"efiUrl":"","efiAlt":"","highlights":[],"permalinkQueryArgs":[],"series":[]},"_links":{"self":[{"href":"https:\/\/www.enteratever.com\/2023\/wp-json\/wp\/v2\/posts\/169263","targetHints":{"allow":["GET"]}}],"collection":[{"href":"https:\/\/www.enteratever.com\/2023\/wp-json\/wp\/v2\/posts"}],"about":[{"href":"https:\/\/www.enteratever.com\/2023\/wp-json\/wp\/v2\/types\/post"}],"author":[{"embeddable":true,"href":"https:\/\/www.enteratever.com\/2023\/wp-json\/wp\/v2\/users\/2"}],"replies":[{"embeddable":true,"href":"https:\/\/www.enteratever.com\/2023\/wp-json\/wp\/v2\/comments?post=169263"}],"version-history":[{"count":0,"href":"https:\/\/www.enteratever.com\/2023\/wp-json\/wp\/v2\/posts\/169263\/revisions"}],"wp:attachment":[{"href":"https:\/\/www.enteratever.com\/2023\/wp-json\/wp\/v2\/media?parent=169263"}],"wp:term":[{"taxonomy":"category","embeddable":true,"href":"https:\/\/www.enteratever.com\/2023\/wp-json\/wp\/v2\/categories?post=169263"},{"taxonomy":"post_tag","embeddable":true,"href":"https:\/\/www.enteratever.com\/2023\/wp-json\/wp\/v2\/tags?post=169263"}],"curies":[{"name":"wp","href":"https:\/\/api.w.org\/{rel}","templated":true}]}}