{"id":169262,"date":"2014-02-24T14:30:54","date_gmt":"2014-02-24T14:30:54","guid":{"rendered":"https:\/\/www.enteratever.com\/2023\/ceremonia-del-dia-de-la-bandera-en-poza-rica\/"},"modified":"2014-02-24T14:30:54","modified_gmt":"2014-02-24T14:30:54","slug":"ceremonia-del-dia-de-la-bandera-en-poza-rica","status":"publish","type":"post","link":"https:\/\/www.enteratever.com\/2023\/2014\/02\/24\/ceremonia-del-dia-de-la-bandera-en-poza-rica\/","title":{"rendered":"Abanderan a 15 escuelas en Poza Rica"},"content":{"rendered":"<p>Visitas: 1<\/p><figure id=\"attachment_34082\" aria-describedby=\"caption-attachment-34082\" style=\"width: 660px\" class=\"wp-caption aligncenter\"><a href=\"http:\/\/www.enteratever.com\/wp-content\/uploads\/2014\/02\/IMG-20140224-WA0000.jpg\"><img loading=\"lazy\" decoding=\"async\" class=\"size-full wp-image-34082\" alt=\"Ceremonia del D\u00eda de la Bandera en Poza Rica\" src=\"http:\/\/www.enteratever.com\/wp-content\/uploads\/2014\/02\/IMG-20140224-WA0000.jpg\" width=\"660\" height=\"495\" \/><\/a><figcaption id=\"caption-attachment-34082\" class=\"wp-caption-text\">Ceremonia del D\u00eda de la Bandera en Poza Rica<\/figcaption><\/figure>\n<p style=\"text-align: justify\">En el marco de la celebraci\u00f3n del D\u00eda de la Bandera a nombre del gobierno municipal que encabeza el alcalde Sergio Lorenzo Quiroz Cruz, el regidor Bautista Neira Quevedo, refrend\u00f3 el compromiso de la actual administraci\u00f3n de cumplir cabalmente con la responsabilidad que les dieron los pozarricenses.<!--more--><\/p>\n<p style=\"text-align: justify\">Neira Quevedo, dijo que los integrantes de la actual comuna han interpretado la m\u00edstica de trabajo del presidente municipal Sergio Lorenzo Quiroz Cruz. M\u00e1s adelante se\u00f1al\u00f3 que los colores de la bandera tiene que ver con el verde de la esperanza de un Poza Rica de progreso; el blanco de un municipio que debe vivir en paz y armon\u00eda, mientras que el rojo de un pueblo con un coraz\u00f3n que palpita en el dinamismo del trabajo.<\/p>\n<p style=\"text-align: justify\">Antes, la sindico del ayuntamiento Adriana G\u00f3mez Garc\u00eda tom\u00f3 protesta a las 15 instituciones educativas que fueron abanderadas, mientras que los honores a nuestro l\u00e1baro patrio corrieron a cargo de los elementos del S\u00e9ptimo Batall\u00f3n de Infanter\u00eda.<\/p>\n<p style=\"text-align: justify\">M\u00e1s adelante en su mensaje el edil agreg\u00f3 que desde el gobierno plural que encabeza Sergio Lorenzo Quiroz, har\u00e1n su mejor esfuerzo dando las facilidades a la ciudadan\u00eda para hacer real el principio de que: \u00abTodos Somos Poza Rica\u00bb.<\/p>\n<p style=\"text-align: justify\">Correspondi\u00f3 a la sindico del ayuntamiento Adriana G\u00f3mez Garc\u00eda tomar protesta a las instituciones que fueron abanderadas, en tanto que alumnos de las escuela de bachilleres Poza Rica, realizaron una exposici\u00f3n y marcha sobre la historia de la Bandera.<\/p>\n<p style=\"text-align: justify\">Al evento asisti\u00f3 la presidenta del DIF municipal Araceli S\u00e1nchez de Quiroz, representantes de los clubes de la tercera edad, as\u00ed como de las autoridades militares, Secretarios y Directores del gobierno municipal.<\/p>\n","protected":false},"excerpt":{"rendered":"<p>Visitas: 1En el marco de la celebraci\u00f3n del D\u00eda de la Bandera a nombre del gobierno municipal que encabeza el alcalde Sergio Lorenzo Quiroz Cruz, el regidor Bautista Neira Quevedo, refrend\u00f3 el compromiso de la actual administraci\u00f3n de cumplir cabalmente con la responsabilidad que les dieron los pozarricenses.<\/p>\n","protected":false},"author":2,"featured_media":0,"comment_status":"open","ping_status":"open","sticky":false,"template":"","format":"standard","meta":{"footnotes":""},"categories":[213],"tags":[],"class_list":{"0":"post-169262","1":"post","2":"type-post","3":"status-publish","4":"format-standard","6":"category-poza-rica"},"nelio_content":{"isAutoShareEnabled":true,"autoShareEndMode":"never","automationSources":{"useCustomSentences":false,"customSentences":[]},"followers":[],"suggestedReferences":[],"efiUrl":"","efiAlt":"","highlights":[],"permalinkQueryArgs":[],"series":[]},"_links":{"self":[{"href":"https:\/\/www.enteratever.com\/2023\/wp-json\/wp\/v2\/posts\/169262","targetHints":{"allow":["GET"]}}],"collection":[{"href":"https:\/\/www.enteratever.com\/2023\/wp-json\/wp\/v2\/posts"}],"about":[{"href":"https:\/\/www.enteratever.com\/2023\/wp-json\/wp\/v2\/types\/post"}],"author":[{"embeddable":true,"href":"https:\/\/www.enteratever.com\/2023\/wp-json\/wp\/v2\/users\/2"}],"replies":[{"embeddable":true,"href":"https:\/\/www.enteratever.com\/2023\/wp-json\/wp\/v2\/comments?post=169262"}],"version-history":[{"count":0,"href":"https:\/\/www.enteratever.com\/2023\/wp-json\/wp\/v2\/posts\/169262\/revisions"}],"wp:attachment":[{"href":"https:\/\/www.enteratever.com\/2023\/wp-json\/wp\/v2\/media?parent=169262"}],"wp:term":[{"taxonomy":"category","embeddable":true,"href":"https:\/\/www.enteratever.com\/2023\/wp-json\/wp\/v2\/categories?post=169262"},{"taxonomy":"post_tag","embeddable":true,"href":"https:\/\/www.enteratever.com\/2023\/wp-json\/wp\/v2\/tags?post=169262"}],"curies":[{"name":"wp","href":"https:\/\/api.w.org\/{rel}","templated":true}]}}