{"id":169256,"date":"2014-02-23T04:15:08","date_gmt":"2014-02-23T04:15:08","guid":{"rendered":"https:\/\/www.enteratever.com\/2023\/miles-congrega-marco-di-mauro-en-la-explanada-del-palacio-municipal\/"},"modified":"2014-02-23T04:15:08","modified_gmt":"2014-02-23T04:15:08","slug":"miles-congrega-marco-di-mauro-en-la-explanada-del-palacio-municipal","status":"publish","type":"post","link":"https:\/\/www.enteratever.com\/2023\/2014\/02\/23\/miles-congrega-marco-di-mauro-en-la-explanada-del-palacio-municipal\/","title":{"rendered":"Miles congrega Marco Di Mauro en la explanada del palacio municipal"},"content":{"rendered":"<p>Visitas: 1<\/p><figure id=\"attachment_33979\" aria-describedby=\"caption-attachment-33979\" style=\"width: 660px\" class=\"wp-caption aligncenter\"><a href=\"http:\/\/www.enteratever.com\/wp-content\/uploads\/2014\/02\/MG_9139.jpg\"><img loading=\"lazy\" decoding=\"async\" class=\"size-full wp-image-33979\" alt=\"Miles congrega Marco Di Mauro en la explanada del palacio municipal\" src=\"http:\/\/www.enteratever.com\/wp-content\/uploads\/2014\/02\/MG_9139.jpg\" width=\"660\" height=\"440\" \/><\/a><figcaption id=\"caption-attachment-33979\" class=\"wp-caption-text\">Miles congrega Marco Di Mauro en la explanada del palacio municipal<\/figcaption><\/figure>\n<p style=\"text-align: justify\">Miles de personas disfrutaron el concierto al finalizar el Papaqui de las fiestas del petr\u00f3leo. El evento se realiz\u00f3 \u00a0en la Explana del Palacio Municipal ante la presencia de autoridades municipales encabezadas por el presidente municipal Sergio Lorenzo Quiroz Cruz.<!--more--><\/p>\n<p style=\"text-align: justify\">Tambi\u00e9n estuvieron presentes los reyes del Petr\u00f3leo,\u00a0Grecia Rodr\u00edguez Herrera, Ricardo Juan Ochoa Lastra \u201cMotocompresor, Rey del Chapo, acompa\u00f1ados por su corte real: \u00a0la Princesa 1\/a Michel Serrano Cobos; Princesa 2\/a. Brenda Gonz\u00e1lez Barraza; Pr\u00edncipe 1\/o. Josepe Canella Danini;\u00a0\u00a0\u201cQuemador\u201d Pr\u00edncipe Segundo, \u00a0Ricardo Guerrero Su\u00e1rez<\/p>\n<p style=\"text-align: justify\">El presidente municipal al tomar la palabra dijo que las fiestas del petr\u00f3leo son del pueblo y por esa raz\u00f3n es el pueblo el que las disfruta.<\/p>\n<p style=\"text-align: justify\">El evento inici\u00f3 desde las siete y media de la noche una vez que concluy\u00f3 el papaqui encabezado por los soberanos de las fiestas y que parti\u00f3 de la esquina de calle 16 y 20 de noviembre y concluy\u00f3 frente al Sindicato de la Secci\u00f3n 30 del Sindicato de Trabajadores Petroleros de la Rep\u00fablica Mexicana.<\/p>\n<p style=\"text-align: justify\">En el evento participaron 50 carros adornados de diferentes maneras, pero todos con el tema del esta edici\u00f3n de las fiestas del petr\u00f3leo \u201c Orgullo de nuestra identidad\u201d. As\u00ed hab\u00eda r\u00e9plicas de la maquinita Cobos Furbero., peces de la poza rica, totonacos con cascos de petroleros y en general todo lo que tenga que ver con Poza Rica, campesinos, ind\u00edgenas, petroleros, industria.<\/p>\n\n","protected":false},"excerpt":{"rendered":"<p>Visitas: 1Miles de personas disfrutaron el concierto al finalizar el Papaqui de las fiestas del petr\u00f3leo. El evento se realiz\u00f3 \u00a0en la Explana del Palacio Municipal ante la presencia de autoridades municipales encabezadas por el presidente municipal Sergio Lorenzo Quiroz Cruz.<\/p>\n","protected":false},"author":2,"featured_media":0,"comment_status":"open","ping_status":"open","sticky":false,"template":"","format":"standard","meta":{"footnotes":""},"categories":[213],"tags":[],"class_list":{"0":"post-169256","1":"post","2":"type-post","3":"status-publish","4":"format-standard","6":"category-poza-rica"},"nelio_content":{"isAutoShareEnabled":true,"autoShareEndMode":"never","automationSources":{"useCustomSentences":false,"customSentences":[]},"followers":[],"suggestedReferences":[],"efiUrl":"","efiAlt":"","highlights":[],"permalinkQueryArgs":[],"series":[]},"_links":{"self":[{"href":"https:\/\/www.enteratever.com\/2023\/wp-json\/wp\/v2\/posts\/169256","targetHints":{"allow":["GET"]}}],"collection":[{"href":"https:\/\/www.enteratever.com\/2023\/wp-json\/wp\/v2\/posts"}],"about":[{"href":"https:\/\/www.enteratever.com\/2023\/wp-json\/wp\/v2\/types\/post"}],"author":[{"embeddable":true,"href":"https:\/\/www.enteratever.com\/2023\/wp-json\/wp\/v2\/users\/2"}],"replies":[{"embeddable":true,"href":"https:\/\/www.enteratever.com\/2023\/wp-json\/wp\/v2\/comments?post=169256"}],"version-history":[{"count":0,"href":"https:\/\/www.enteratever.com\/2023\/wp-json\/wp\/v2\/posts\/169256\/revisions"}],"wp:attachment":[{"href":"https:\/\/www.enteratever.com\/2023\/wp-json\/wp\/v2\/media?parent=169256"}],"wp:term":[{"taxonomy":"category","embeddable":true,"href":"https:\/\/www.enteratever.com\/2023\/wp-json\/wp\/v2\/categories?post=169256"},{"taxonomy":"post_tag","embeddable":true,"href":"https:\/\/www.enteratever.com\/2023\/wp-json\/wp\/v2\/tags?post=169256"}],"curies":[{"name":"wp","href":"https:\/\/api.w.org\/{rel}","templated":true}]}}