{"id":169238,"date":"2014-02-21T23:10:14","date_gmt":"2014-02-21T23:10:14","guid":{"rendered":"https:\/\/www.enteratever.com\/2023\/aumenta-un-20-casos-de-autismo-en-poza-rica\/"},"modified":"2014-02-21T23:10:14","modified_gmt":"2014-02-21T23:10:14","slug":"aumenta-un-20-casos-de-autismo-en-poza-rica","status":"publish","type":"post","link":"https:\/\/www.enteratever.com\/2023\/2014\/02\/21\/aumenta-un-20-casos-de-autismo-en-poza-rica\/","title":{"rendered":"Aumenta un 20% casos de autismo en Poza Rica"},"content":{"rendered":"<p>Visitas: 0<\/p><figure id=\"attachment_33636\" aria-describedby=\"caption-attachment-33636\" style=\"width: 567px\" class=\"wp-caption aligncenter\"><a href=\"http:\/\/www.enteratever.com\/wp-content\/uploads\/2014\/02\/nino-autista1.jpg\"><img loading=\"lazy\" decoding=\"async\" class=\" wp-image-33636 \" alt=\"Aumenta un 20% casos de autismo en Poza Rica\" src=\"http:\/\/www.enteratever.com\/wp-content\/uploads\/2014\/02\/nino-autista1.jpg\" width=\"567\" height=\"351\" \/><\/a><figcaption id=\"caption-attachment-33636\" class=\"wp-caption-text\">Aumenta un 20% casos de autismo en Poza Rica<\/figcaption><\/figure>\n<p style=\"text-align: justify\">Por: Jazm\u00edn Morales<\/p>\n<p style=\"text-align: justify\">Aumentaron un 20% los casos de autismo en Poza Rica durante los dos \u00faltimos a\u00f1os, padecimiento que sufren con mayor frecuencia los ni\u00f1os peque\u00f1os, afirma Karina Castellanos Dom\u00ednguez Pedagoga de Educaci\u00f3n Especial y Directora del Osaera5 de Poza Rica.<!--more--><\/p>\n<p style=\"text-align: justify\">\u201cEste trastorno con el aspecto autista afecta mucho, pues hay una gran cantidad de alumnos que no son diagnosticados en el tiempo y pueden confundirse con otros trastornos, y eso hace que no tengan una atenci\u00f3n adecuada, retrasando su aprendizaje y su atenci\u00f3n\u201d agreg\u00f3.<\/p>\n<p style=\"text-align: justify\">Recalc\u00f3 que los m\u00e1s peque\u00f1os son los cotidianamente afectados, puesto que empiezan a presentar los s\u00edntomas y los padres al no tener la experiencia, no saben ni a donde recurrir y que es lo que les est\u00e1 pasando con sus hijos.<\/p>\n<p style=\"text-align: justify\">\n<p style=\"text-align: justify\">En la escuela primaria el plan que se maneja para los alumnos con este trastorno es tener al maestro de grupo, as\u00ed mismo un maestro auxiliar y psic\u00f3logo, esto para manejar las numerosas estrategias diversificadas y metodolog\u00edas espec\u00edficas, como el TACCH el cual consiste en trabajarla situaci\u00f3n mediante agendas,los ni\u00f1os tienen que ser guiados para poder trabajas,tambi\u00e9n se pueden utilizar fichas que deben realizar.<\/p>\n<p style=\"text-align: justify\">El municipio de Poza Rica ha ido en incremento, al igual que en otros municipios, es por ello que actualmente el osaera5 cuenta con presencia en 5 escuelas y tiene una poblaci\u00f3n de 130 alumnos.<\/p>\n<p style=\"text-align: justify\">As\u00ed mismo asegura que existen varias teor\u00edas sobre el origen del padecimiento \u201cUna de ellas que se menciona es que hay predisposici\u00f3n gen\u00e9tica y la otra que es un trastorno metab\u00f3lico que se combina con situaciones ambientales como la contaminaci\u00f3n, alimentaci\u00f3n etc\u201d.<\/p>\n<figure id=\"attachment_33640\" aria-describedby=\"caption-attachment-33640\" style=\"width: 659px\" class=\"wp-caption aligncenter\"><a href=\"http:\/\/www.enteratever.com\/wp-content\/uploads\/2014\/02\/IMG_0425.jpg\"><img loading=\"lazy\" decoding=\"async\" class=\"size-full wp-image-33640\" alt=\"Aumenta un 20% casos de autismo en Poza Rica\" src=\"http:\/\/www.enteratever.com\/wp-content\/uploads\/2014\/02\/IMG_0425.jpg\" width=\"659\" height=\"379\" \/><\/a><figcaption id=\"caption-attachment-33640\" class=\"wp-caption-text\">Aumenta un 20% casos de autismo en Poza Rica<\/figcaption><\/figure>\n<p style=\"text-align: justify\">Record\u00f3 que la importancia que tiene que se haga un an\u00e1lisis oportuno y certero ya que es muy com\u00fan que se haga un mal diagn\u00f3stico y confundir el autismo principalmente con d\u00e9ficit de atenci\u00f3n, hiperactividad.<\/p>\n<p style=\"text-align: justify\">Adem\u00e1s se presentan casos frecuentes de discapacidad intelectual, y los \u00edndices indican que los casos que se ven m\u00e1s son de el Trastorno de D\u00e9ficit de Atenci\u00f3n por Hiperavtividad (THD), discapacidad motora, auditiva y visual,finaliz\u00f3.<\/p>\n","protected":false},"excerpt":{"rendered":"<p>Visitas: 0Por: Jazm\u00edn Morales Aumentaron un 20% los casos de autismo en Poza Rica durante los dos \u00faltimos a\u00f1os, padecimiento que sufren con mayor frecuencia los ni\u00f1os peque\u00f1os, afirma Karina Castellanos Dom\u00ednguez Pedagoga de Educaci\u00f3n Especial y Directora del Osaera5 de Poza Rica.<\/p>\n","protected":false},"author":2,"featured_media":0,"comment_status":"open","ping_status":"open","sticky":false,"template":"","format":"standard","meta":{"footnotes":""},"categories":[213],"tags":[],"class_list":{"0":"post-169238","1":"post","2":"type-post","3":"status-publish","4":"format-standard","6":"category-poza-rica"},"nelio_content":{"isAutoShareEnabled":true,"autoShareEndMode":"never","automationSources":{"useCustomSentences":false,"customSentences":[]},"followers":[],"suggestedReferences":[],"efiUrl":"","efiAlt":"","highlights":[],"permalinkQueryArgs":[],"series":[]},"_links":{"self":[{"href":"https:\/\/www.enteratever.com\/2023\/wp-json\/wp\/v2\/posts\/169238","targetHints":{"allow":["GET"]}}],"collection":[{"href":"https:\/\/www.enteratever.com\/2023\/wp-json\/wp\/v2\/posts"}],"about":[{"href":"https:\/\/www.enteratever.com\/2023\/wp-json\/wp\/v2\/types\/post"}],"author":[{"embeddable":true,"href":"https:\/\/www.enteratever.com\/2023\/wp-json\/wp\/v2\/users\/2"}],"replies":[{"embeddable":true,"href":"https:\/\/www.enteratever.com\/2023\/wp-json\/wp\/v2\/comments?post=169238"}],"version-history":[{"count":0,"href":"https:\/\/www.enteratever.com\/2023\/wp-json\/wp\/v2\/posts\/169238\/revisions"}],"wp:attachment":[{"href":"https:\/\/www.enteratever.com\/2023\/wp-json\/wp\/v2\/media?parent=169238"}],"wp:term":[{"taxonomy":"category","embeddable":true,"href":"https:\/\/www.enteratever.com\/2023\/wp-json\/wp\/v2\/categories?post=169238"},{"taxonomy":"post_tag","embeddable":true,"href":"https:\/\/www.enteratever.com\/2023\/wp-json\/wp\/v2\/tags?post=169238"}],"curies":[{"name":"wp","href":"https:\/\/api.w.org\/{rel}","templated":true}]}}