{"id":169232,"date":"2014-02-21T03:58:59","date_gmt":"2014-02-21T03:58:59","guid":{"rendered":"https:\/\/www.enteratever.com\/2023\/escuelas-de-poza-rica-un-lugar-insegurospc\/"},"modified":"2014-02-21T03:58:59","modified_gmt":"2014-02-21T03:58:59","slug":"escuelas-de-poza-rica-un-lugar-insegurospc","status":"publish","type":"post","link":"https:\/\/www.enteratever.com\/2023\/2014\/02\/21\/escuelas-de-poza-rica-un-lugar-insegurospc\/","title":{"rendered":"Escuelas de Poza Rica un lugar inseguro:SPC"},"content":{"rendered":"<p>Visitas: 1<\/p><figure id=\"attachment_33435\" aria-describedby=\"caption-attachment-33435\" style=\"width: 660px\" class=\"wp-caption aligncenter\"><a href=\"http:\/\/www.enteratever.com\/wp-content\/uploads\/2014\/02\/IMG_9762.jpg\"><img loading=\"lazy\" decoding=\"async\" class=\"size-full wp-image-33435 \" alt=\"Escuelas de Poza Rica un lugar inseguro:SPC\" src=\"http:\/\/www.enteratever.com\/wp-content\/uploads\/2014\/02\/IMG_9762.jpg\" width=\"660\" height=\"359\" \/><\/a><figcaption id=\"caption-attachment-33435\" class=\"wp-caption-text\">Escuelas de Poza Rica un lugar inseguro:SPC<\/figcaption><\/figure>\n<p style=\"text-align: justify\">Por: Jazm\u00edn Morales<\/p>\n<p style=\"text-align: justify\">Las escuelas de Poza Rica son inseguras, ya que no cuentan con las medidas necesarias en caso alg\u00fan siniestro que pudiera suscitarse en sus instalaciones, afirm\u00f3 Efra\u00edn Gallardo Alejandre tercer acreditado de la Secretar\u00eda de Protecci\u00f3n Civil.<!--more--><\/p>\n<p style=\"text-align: justify\">Las instituciones educativos no s\u00f3lo no cuentan con la medidas necesarias sino que adem\u00e1s no disponen del personal necesarios e incumplen con los lineamientos que marca la (SPC).<\/p>\n<p style=\"text-align: justify\">\u201cLos centros educativos piensan que trabajos Protecci\u00f3n Civil son puros tr\u00e1mites burocr\u00e1ticos y no le ponen la atenci\u00f3n necesaria\u201d agreg\u00f3 .<\/p>\n<p style=\"text-align: justify\">Manifest\u00f3 que a ra\u00edz de la nueva ley de reglamento 856 de (SPC) las cosas vienen cambiando y se vienen modificando de manera dram\u00e1tica.<\/p>\n<p style=\"text-align: justify\">Sin embargo, afirma que est\u00e1n trabajando en los casos de las escuelas, para lograr que todo eso se lleven a cabo parte de los programas, pl\u00e1ticas a la poblaci\u00f3n, en los centro de trabajo y la regularizaci\u00f3n de empresas.<\/p>\n<p style=\"text-align: justify\">Manifest\u00f3 que \u201cal parecer que la administraci\u00f3n viene bastante fuerte, con la intenci\u00f3n de regularizar todo lo posible\u201d<\/p>\n<p style=\"text-align: justify\">As\u00ed mismo lament\u00f3 que la Secretaria de Educaci\u00f3n de Veracruz, les haya mandado una serie de lineamientos que las escuelas, mismos que est\u00e1n acostumbradas a cumplir y como dicen \u201cantes no lo hac\u00edamos y ahora lo tenemos que hacer de manera adecuada\u00bb<\/p>\n<p style=\"text-align: justify\">La desidia ha provocado que se retrasen las capacitaciones para que cuenten con el personal id\u00f3neo para saber manejar las situaciones de ser necesario, \u201cson muy pocas las instituciones que est\u00e1n en la mejor disposici\u00f3n entre ellas la Escuela Tepeyac\u201d agreg\u00f3.<\/p>\n<p style=\"text-align: justify\">Tambi\u00e9n se busca promover la cultura del cuidado en los alumnos, maestros y padres de familia y as\u00ed todos sepan la manera de manejarse en alguna contingencia.<br \/>\nHasta la fecha son mil quinientas empresas en lo que va de este a\u00f1o las cuales est\u00e1n en proceso de certificaci\u00f3n, asegura es muy buena suma.<\/p>\n<p style=\"text-align: justify\">Puntualiz\u00f3 el funcionario que \u201cPoza Rica es el \u00fanico Municipio que cuenta con un departamento de Protecci\u00f3n Civil interno, pero que debe ser mayor la atenci\u00f3n\u201d finaliz\u00f3.<\/p>\n","protected":false},"excerpt":{"rendered":"<p>Visitas: 1Por: Jazm\u00edn Morales Las escuelas de Poza Rica son inseguras, ya que no cuentan con las medidas necesarias en caso alg\u00fan siniestro que pudiera suscitarse en sus instalaciones, afirm\u00f3 Efra\u00edn Gallardo Alejandre tercer acreditado de la Secretar\u00eda de Protecci\u00f3n Civil.<\/p>\n","protected":false},"author":2,"featured_media":0,"comment_status":"open","ping_status":"open","sticky":false,"template":"","format":"standard","meta":{"footnotes":""},"categories":[213],"tags":[],"class_list":{"0":"post-169232","1":"post","2":"type-post","3":"status-publish","4":"format-standard","6":"category-poza-rica"},"nelio_content":{"isAutoShareEnabled":true,"autoShareEndMode":"never","automationSources":{"useCustomSentences":false,"customSentences":[]},"followers":[],"suggestedReferences":[],"efiUrl":"","efiAlt":"","highlights":[],"permalinkQueryArgs":[],"series":[]},"_links":{"self":[{"href":"https:\/\/www.enteratever.com\/2023\/wp-json\/wp\/v2\/posts\/169232","targetHints":{"allow":["GET"]}}],"collection":[{"href":"https:\/\/www.enteratever.com\/2023\/wp-json\/wp\/v2\/posts"}],"about":[{"href":"https:\/\/www.enteratever.com\/2023\/wp-json\/wp\/v2\/types\/post"}],"author":[{"embeddable":true,"href":"https:\/\/www.enteratever.com\/2023\/wp-json\/wp\/v2\/users\/2"}],"replies":[{"embeddable":true,"href":"https:\/\/www.enteratever.com\/2023\/wp-json\/wp\/v2\/comments?post=169232"}],"version-history":[{"count":0,"href":"https:\/\/www.enteratever.com\/2023\/wp-json\/wp\/v2\/posts\/169232\/revisions"}],"wp:attachment":[{"href":"https:\/\/www.enteratever.com\/2023\/wp-json\/wp\/v2\/media?parent=169232"}],"wp:term":[{"taxonomy":"category","embeddable":true,"href":"https:\/\/www.enteratever.com\/2023\/wp-json\/wp\/v2\/categories?post=169232"},{"taxonomy":"post_tag","embeddable":true,"href":"https:\/\/www.enteratever.com\/2023\/wp-json\/wp\/v2\/tags?post=169232"}],"curies":[{"name":"wp","href":"https:\/\/api.w.org\/{rel}","templated":true}]}}