{"id":169205,"date":"2014-02-19T15:58:48","date_gmt":"2014-02-19T15:58:48","guid":{"rendered":"https:\/\/www.enteratever.com\/2023\/festejan-el-dia-del-ejercito-mexicano\/"},"modified":"2014-02-19T15:58:48","modified_gmt":"2014-02-19T15:58:48","slug":"festejan-el-dia-del-ejercito-mexicano","status":"publish","type":"post","link":"https:\/\/www.enteratever.com\/2023\/2014\/02\/19\/festejan-el-dia-del-ejercito-mexicano\/","title":{"rendered":"Festejan el d\u00eda del Ej\u00e9rcito Mexicano"},"content":{"rendered":"<p>Visitas: 2<\/p><figure id=\"attachment_33014\" aria-describedby=\"caption-attachment-33014\" style=\"width: 630px\" class=\"wp-caption aligncenter\"><a href=\"http:\/\/www.enteratever.com\/wp-content\/uploads\/2014\/02\/perro.jpg\"><img loading=\"lazy\" decoding=\"async\" class=\" wp-image-33014 \" alt=\"Festejan el d\u00eda del Ej\u00e9rcito Mexicano\" src=\"http:\/\/www.enteratever.com\/wp-content\/uploads\/2014\/02\/perro.jpg\" width=\"630\" height=\"420\" \/><\/a><figcaption id=\"caption-attachment-33014\" class=\"wp-caption-text\">Festejan el d\u00eda del Ej\u00e9rcito Mexicano<\/figcaption><\/figure>\n<p>Celebra el VII Batall\u00f3n de Infanter\u00eda, el aniversario 101 del Ej\u00e9rcito Mexicano, esta ma\u00f1ana durante un desayuno y convivencia con los el cuerpo castrense.<\/p>\n<p style=\"text-align: justify\"><!--more--><\/p>\n<p style=\"text-align: justify\">Con un desayuno y m\u00fasica en vivo a cargo de un grupo de mariachi quienes tocaron canciones diversas, es como se festej\u00f3 este d\u00eda tan importante para el Ej\u00e9rcito Mexicano.<\/p>\n<p style=\"text-align: justify\">Una vez concluida la celebraci\u00f3n el\u00a0Teniente Coronel, Enrique Mosso Mart\u00ednez\u00a0del VII Batall\u00f3n de Infanter\u00eda,\u00a0acompa\u00f1ado por integrantes del cabildo de Coatzintla y Poza Rica, se dirigieron al campo de adiestramiento de animales para apreciar\u00a0 una exhibici\u00f3n de adiestramiento canino.<\/p>\n<p style=\"text-align: justify\">El Segundo Comandante, Teniente Coronel, Enrique Mosso Mart\u00ednez\u00a0del VII Batall\u00f3n de Infanter\u00eda, durante el evento estuvo acompa\u00f1ado\u00a0por Cesar Ulises\u00a0Garc\u00eda V\u00e1zquez Presidente,Adriana G\u00f3mez Garc\u00eda Sindico \u00danico de Poza Rica,\u00a0Alma Yeni Arroyo Ru\u00edz \u00a0Diputada Federal por el Distrito 6 de Papantla y \u00c1ngel Ram\u00edrez Alafita Presidente de CANACINTRA de Poza Rica.<\/p>\n","protected":false},"excerpt":{"rendered":"<p>Visitas: 2Celebra el VII Batall\u00f3n de Infanter\u00eda, el aniversario 101 del Ej\u00e9rcito Mexicano, esta ma\u00f1ana durante un desayuno y convivencia con los el cuerpo castrense.<\/p>\n","protected":false},"author":2,"featured_media":0,"comment_status":"open","ping_status":"open","sticky":false,"template":"","format":"standard","meta":{"footnotes":""},"categories":[213],"tags":[],"class_list":{"0":"post-169205","1":"post","2":"type-post","3":"status-publish","4":"format-standard","6":"category-poza-rica"},"nelio_content":{"isAutoShareEnabled":true,"autoShareEndMode":"never","automationSources":{"useCustomSentences":false,"customSentences":[]},"followers":[],"suggestedReferences":[],"efiUrl":"","efiAlt":"","highlights":[],"permalinkQueryArgs":[],"series":[]},"_links":{"self":[{"href":"https:\/\/www.enteratever.com\/2023\/wp-json\/wp\/v2\/posts\/169205","targetHints":{"allow":["GET"]}}],"collection":[{"href":"https:\/\/www.enteratever.com\/2023\/wp-json\/wp\/v2\/posts"}],"about":[{"href":"https:\/\/www.enteratever.com\/2023\/wp-json\/wp\/v2\/types\/post"}],"author":[{"embeddable":true,"href":"https:\/\/www.enteratever.com\/2023\/wp-json\/wp\/v2\/users\/2"}],"replies":[{"embeddable":true,"href":"https:\/\/www.enteratever.com\/2023\/wp-json\/wp\/v2\/comments?post=169205"}],"version-history":[{"count":0,"href":"https:\/\/www.enteratever.com\/2023\/wp-json\/wp\/v2\/posts\/169205\/revisions"}],"wp:attachment":[{"href":"https:\/\/www.enteratever.com\/2023\/wp-json\/wp\/v2\/media?parent=169205"}],"wp:term":[{"taxonomy":"category","embeddable":true,"href":"https:\/\/www.enteratever.com\/2023\/wp-json\/wp\/v2\/categories?post=169205"},{"taxonomy":"post_tag","embeddable":true,"href":"https:\/\/www.enteratever.com\/2023\/wp-json\/wp\/v2\/tags?post=169205"}],"curies":[{"name":"wp","href":"https:\/\/api.w.org\/{rel}","templated":true}]}}