{"id":169204,"date":"2014-02-19T03:15:34","date_gmt":"2014-02-19T03:15:34","guid":{"rendered":"https:\/\/www.enteratever.com\/2023\/celebran-en-tuxpan-primera-reunion-de-vinculacion-con-el-sector-salud\/"},"modified":"2014-02-19T03:15:34","modified_gmt":"2014-02-19T03:15:34","slug":"celebran-en-tuxpan-primera-reunion-de-vinculacion-con-el-sector-salud","status":"publish","type":"post","link":"https:\/\/www.enteratever.com\/2023\/2014\/02\/19\/celebran-en-tuxpan-primera-reunion-de-vinculacion-con-el-sector-salud\/","title":{"rendered":"Celebran en Tuxpan primera reuni\u00f3n de vinculaci\u00f3n con el sector salud"},"content":{"rendered":"<p>Visitas: 0<\/p><figure id=\"attachment_32689\" aria-describedby=\"caption-attachment-32689\" style=\"width: 660px\" class=\"wp-caption aligncenter\"><a href=\"http:\/\/www.enteratever.com\/wp-content\/uploads\/2014\/02\/DSC_1087.jpg\"><img loading=\"lazy\" decoding=\"async\" class=\"size-full wp-image-32689\" alt=\"Celebran en Tuxpan primera reuni\u00f3n de vinculaci\u00f3n con el sector salud\" src=\"http:\/\/www.enteratever.com\/wp-content\/uploads\/2014\/02\/DSC_1087.jpg\" width=\"660\" height=\"385\" \/><\/a><figcaption id=\"caption-attachment-32689\" class=\"wp-caption-text\">Celebran en Tuxpan primera reuni\u00f3n de vinculaci\u00f3n con el sector salud<\/figcaption><\/figure>\n<p style=\"text-align: justify\">\u201cAl ser la Salud un tema prioritario en mi administraci\u00f3n, reiteramos el apoyo a las autoridades de este sector para la realizaci\u00f3n y seguimiento de toda aquella campa\u00f1a y acci\u00f3n que contribuya a procurar el bienestar de nuestra gente\u201d se\u00f1al\u00f3 el Presidente Municipal, Ra\u00fal Ruiz D\u00edaz en el marco de la Primera Reuni\u00f3n de Vinculaci\u00f3n de Alcaldes y Presidentes de los Sistemas para el Desarrollo Integral de la Familia (DIF) convocada por la Jurisdicci\u00f3n Sanitaria N\u00famero 2.<!--more--><\/p>\n<p style=\"text-align: justify\">Dicha reuni\u00f3n se llev\u00f3 a cabo este martes en Tuxpan, congreg\u00e1ndose autoridades municipales, ediles, as\u00ed como personal m\u00e9dico de los 13 municipios que conforman la Jurisdicci\u00f3n Sanitaria con sede en esta localidad.<\/p>\n<p style=\"text-align: justify\">En esta primera reuni\u00f3n de vinculaci\u00f3n, las autoridades de la JS-2 dieron a conocer los programas prioritarios que se manejan como Epidemiolog\u00eda, Atenci\u00f3n del Menor de 15 a\u00f1os, Adulto Mayor, Nutrici\u00f3n y cada uno de sus componentes.<\/p>\n<p style=\"text-align: justify\">El Alcalde Tuxpe\u00f1o, Ra\u00fal Ruiz D\u00edaz en su mensaje de bienvenida como primera autoridad municipal, expres\u00f3 que toda acci\u00f3n, campa\u00f1a o programa cuyo objetivo sea procurar el bienestar de los ciudadanos, contar\u00e1 siempre con el apoyo de las autoridades municipales.<\/p>\n<p style=\"text-align: justify\">Precis\u00f3 que el prevenir, atender y resolver las posibles situaciones, requiere la participaci\u00f3n de todos desde sus \u00e1mbitos de competencia, motivo por el cual, autoridades de los 13 municipios, fueron convocados a tan importante reuni\u00f3n de vinculaci\u00f3n en la que sin duda, los resultados en materia de salud se ver\u00e1n reflejados conforme los trabajos en conjunto se ejecuten.<\/p>\n<p style=\"text-align: justify\">El Alcalde Tuxpe\u00f1o junto con la Presidenta del Sistema DIF Tuxpan, Diana Gonz\u00e1lez de Ruiz y el Sub Jefe de la JS-2, Daniel Castillo Mercado, presidieron dicha reuni\u00f3n en la que personal jurisdiccional expuso el objetivo y funci\u00f3n de cada uno de los programas prioritarios que actualmente se desarrollan.<\/p>\n","protected":false},"excerpt":{"rendered":"<p>Visitas: 0\u201cAl ser la Salud un tema prioritario en mi administraci\u00f3n, reiteramos el apoyo a las autoridades de este sector para la realizaci\u00f3n y seguimiento de toda aquella campa\u00f1a y acci\u00f3n que contribuya a procurar el bienestar de nuestra gente\u201d se\u00f1al\u00f3 el Presidente Municipal, Ra\u00fal Ruiz D\u00edaz en el marco de la Primera Reuni\u00f3n de [&hellip;]<\/p>\n","protected":false},"author":2,"featured_media":0,"comment_status":"open","ping_status":"open","sticky":false,"template":"","format":"standard","meta":{"footnotes":""},"categories":[213],"tags":[],"class_list":{"0":"post-169204","1":"post","2":"type-post","3":"status-publish","4":"format-standard","6":"category-poza-rica"},"nelio_content":{"isAutoShareEnabled":true,"autoShareEndMode":"never","automationSources":{"useCustomSentences":false,"customSentences":[]},"followers":[],"suggestedReferences":[],"efiUrl":"","efiAlt":"","highlights":[],"permalinkQueryArgs":[],"series":[]},"_links":{"self":[{"href":"https:\/\/www.enteratever.com\/2023\/wp-json\/wp\/v2\/posts\/169204","targetHints":{"allow":["GET"]}}],"collection":[{"href":"https:\/\/www.enteratever.com\/2023\/wp-json\/wp\/v2\/posts"}],"about":[{"href":"https:\/\/www.enteratever.com\/2023\/wp-json\/wp\/v2\/types\/post"}],"author":[{"embeddable":true,"href":"https:\/\/www.enteratever.com\/2023\/wp-json\/wp\/v2\/users\/2"}],"replies":[{"embeddable":true,"href":"https:\/\/www.enteratever.com\/2023\/wp-json\/wp\/v2\/comments?post=169204"}],"version-history":[{"count":0,"href":"https:\/\/www.enteratever.com\/2023\/wp-json\/wp\/v2\/posts\/169204\/revisions"}],"wp:attachment":[{"href":"https:\/\/www.enteratever.com\/2023\/wp-json\/wp\/v2\/media?parent=169204"}],"wp:term":[{"taxonomy":"category","embeddable":true,"href":"https:\/\/www.enteratever.com\/2023\/wp-json\/wp\/v2\/categories?post=169204"},{"taxonomy":"post_tag","embeddable":true,"href":"https:\/\/www.enteratever.com\/2023\/wp-json\/wp\/v2\/tags?post=169204"}],"curies":[{"name":"wp","href":"https:\/\/api.w.org\/{rel}","templated":true}]}}